{"id":5126,"date":"2020-03-16T23:36:21","date_gmt":"2020-03-17T02:36:21","guid":{"rendered":"http:\/\/dgospel.com.br\/portal\/?p=5126"},"modified":"2020-03-16T23:36:23","modified_gmt":"2020-03-17T02:36:23","slug":"disque-saude-136-e-aplicativo-esclarecem-duvidas-sobre-o-coronavirus-covid-19","status":"publish","type":"post","link":"https:\/\/dgospel.com.br\/portal\/index.php\/2020\/03\/16\/disque-saude-136-e-aplicativo-esclarecem-duvidas-sobre-o-coronavirus-covid-19\/","title":{"rendered":"Disque Sa\u00fade 136 e aplicativo esclarecem d\u00favidas sobre o Coronav\u00edrus (Covid-19)"},"content":{"rendered":"\n<p>A r\u00e1pida dissemina\u00e7\u00e3o do Coronav\u00edrus (Covid-19) por v\u00e1rios pa\u00edses, inclusive no Brasil, e o receio de contrair a doen\u00e7a est\u00e1 provocando uma corrida constante da popula\u00e7\u00e3o por informa\u00e7\u00f5es e respostas para v\u00e1rias d\u00favidas relacionadas \u00e0 pandemia mundial.&nbsp;&nbsp;<\/p>\n\n\n\n<p>Antes de procurar uma unidade de sa\u00fade e causar uma superlota\u00e7\u00e3o desnecessariamente \u00e9 poss\u00edvel esclarecer diversas quest\u00f5es sobre a doen\u00e7a por meio do Disque Sa\u00fade 136. O servi\u00e7o \u00e9 gratuito e disponibilizado pelo Minist\u00e9rio da Sa\u00fade 24 horas, todos os dias da semana, para responder perguntas sobre o novo Coronav\u00edrus e demais assuntos que envolvem a sa\u00fade.&nbsp; &nbsp;<\/p>\n\n\n\n<p>Outra maneira de sanar d\u00favidas e adquirir informa\u00e7\u00f5es confi\u00e1veis \u00e9 atrav\u00e9s do aplicativo \u2018Coronav\u00edrus SUS\u2019, tamb\u00e9m disponibilizado pelo Minist\u00e9rio da Sa\u00fade nos servi\u00e7os de download<a rel=\"noreferrer noopener\" target=\"_blank\" href=\"https:\/\/apps.apple.com\/br\/app\/coronav%C3%ADrus-sus\/id1408008382\">&nbsp;AppStore<\/a>&nbsp;e<a rel=\"noreferrer noopener\" target=\"_blank\" href=\"https:\/\/play.google.com\/store\/apps\/details?id=br.gov.datasus.guardioes&amp;hl=pt_BR\">&nbsp;Play Store&nbsp;<\/a><\/p>\n\n\n\n<p><strong>Quando procurar a unidade de sa\u00fade?&nbsp;<\/strong><\/p>\n\n\n\n<p>O secret\u00e1rio municipal da Sa\u00fade de Palmas, Daniel Borini, esclarece que em um quadro leve com coriza e mal-estar n\u00e3o \u00e9 necess\u00e1rio ir \u00e0 unidade de sa\u00fade. \u201cAgora se tiver febre ou tosse, associadas ao contato com uma pessoa infectada ou hist\u00f3rico de viagem para locais onde h\u00e1 casos confirmados do Covid-19, deve-se ir a um Centro de Sa\u00fade da Comunidade. Sentindo falta de ar, com ou sem febre, a pessoa precisa ir imediatamente a uma Unidade de Pronto Atendimento (UPA)\u201d, disse Borini.&nbsp;<\/p>\n","protected":false},"excerpt":{"rendered":"<p>A r\u00e1pida dissemina\u00e7\u00e3o do Coronav\u00edrus (Covid-19) por v\u00e1rios pa\u00edses, inclusive no Brasil, e o receio de contrair a doen\u00e7a est\u00e1 provocando uma corrida constante da popula\u00e7\u00e3o por informa\u00e7\u00f5es e respostas para v\u00e1rias d\u00favidas relacionadas \u00e0 pandemia mundial.&nbsp;&nbsp; Antes de procurar uma unidade de sa\u00fade e causar uma superlota\u00e7\u00e3o desnecessariamente \u00e9 poss\u00edvel esclarecer diversas quest\u00f5es sobre [&hellip;]<\/p>\n","protected":false},"author":2,"featured_media":5127,"comment_status":"open","ping_status":"open","sticky":false,"template":"","format":"standard","meta":[],"categories":[3],"tags":[],"_links":{"self":[{"href":"https:\/\/dgospel.com.br\/portal\/index.php\/wp-json\/wp\/v2\/posts\/5126"}],"collection":[{"href":"https:\/\/dgospel.com.br\/portal\/index.php\/wp-json\/wp\/v2\/posts"}],"about":[{"href":"https:\/\/dgospel.com.br\/portal\/index.php\/wp-json\/wp\/v2\/types\/post"}],"author":[{"embeddable":true,"href":"https:\/\/dgospel.com.br\/portal\/index.php\/wp-json\/wp\/v2\/users\/2"}],"replies":[{"embeddable":true,"href":"https:\/\/dgospel.com.br\/portal\/index.php\/wp-json\/wp\/v2\/comments?post=5126"}],"version-history":[{"count":1,"href":"https:\/\/dgospel.com.br\/portal\/index.php\/wp-json\/wp\/v2\/posts\/5126\/revisions"}],"predecessor-version":[{"id":5128,"href":"https:\/\/dgospel.com.br\/portal\/index.php\/wp-json\/wp\/v2\/posts\/5126\/revisions\/5128"}],"wp:featuredmedia":[{"embeddable":true,"href":"https:\/\/dgospel.com.br\/portal\/index.php\/wp-json\/wp\/v2\/media\/5127"}],"wp:attachment":[{"href":"https:\/\/dgospel.com.br\/portal\/index.php\/wp-json\/wp\/v2\/media?parent=5126"}],"wp:term":[{"taxonomy":"category","embeddable":true,"href":"https:\/\/dgospel.com.br\/portal\/index.php\/wp-json\/wp\/v2\/categories?post=5126"},{"taxonomy":"post_tag","embeddable":true,"href":"https:\/\/dgospel.com.br\/portal\/index.php\/wp-json\/wp\/v2\/tags?post=5126"}],"curies":[{"name":"wp","href":"https:\/\/api.w.org\/{rel}","templated":true}]}}