{"id":5129,"date":"2020-03-16T23:39:03","date_gmt":"2020-03-17T02:39:03","guid":{"rendered":"http:\/\/dgospel.com.br\/portal\/?p=5129"},"modified":"2020-03-16T23:39:04","modified_gmt":"2020-03-17T02:39:04","slug":"coronavirus-feiras-sao-suspensas-em-palmas-por-medida-cautelar","status":"publish","type":"post","link":"https:\/\/dgospel.com.br\/portal\/index.php\/2020\/03\/16\/coronavirus-feiras-sao-suspensas-em-palmas-por-medida-cautelar\/","title":{"rendered":"Coronav\u00edrus: Feiras s\u00e3o suspensas em Palmas por medida cautelar"},"content":{"rendered":"\n<p>A Prefeitura de Palmas, por meio da Secretaria de Desenvolvimento Econ\u00f4mico e Emprego (Sedem), informa que, em decorr\u00eancia da situa\u00e7\u00e3o de emerg\u00eancia disposta no Decreto N\u00ba 1.856\/2020, suspender\u00e1 pelo per\u00edodo de 16 a 25 de mar\u00e7o do referido ano, as feiras de toda a Capital.<\/p>\n\n\n\n<p>A medida visa atender n\u00e3o somente, as feiras cobertas, mas todas as feiras livres em vias e logradouros p\u00fablicas. A medida se faz necess\u00e1ria para que a Prefeitura de Palmas fa\u00e7a uma limpeza\/higieniza\u00e7\u00e3o adequada em cada um desses locais, a fim de evitar a propaga\u00e7\u00e3o do coronav\u00edrus, preservando assim a sa\u00fade dos feirantes e frequentadores do espa\u00e7o; possa estudar melhor uma maneira de distribui\u00e7\u00e3o dos espa\u00e7os para evitar aglomera\u00e7\u00f5es e ampliar a dist\u00e2ncia entre os frequentadores da feira.<\/p>\n\n\n\n<p>&#8220;A Prefeitura vai dedicar todos os esfor\u00e7os necess\u00e1rios para restituir o quanto antes esses tradicionais espa\u00e7os de compras dos palmenses, mas as medidas e seguran\u00e7a sanit\u00e1ria que o momento exige&#8221;, refor\u00e7ou a secret\u00e1ria Adriana Almeida.<\/p>\n","protected":false},"excerpt":{"rendered":"<p>A Prefeitura de Palmas, por meio da Secretaria de Desenvolvimento Econ\u00f4mico e Emprego (Sedem), informa que, em decorr\u00eancia da situa\u00e7\u00e3o de emerg\u00eancia disposta no Decreto N\u00ba 1.856\/2020, suspender\u00e1 pelo per\u00edodo de 16 a 25 de mar\u00e7o do referido ano, as feiras de toda a Capital. A medida visa atender n\u00e3o somente, as feiras cobertas, mas [&hellip;]<\/p>\n","protected":false},"author":2,"featured_media":5130,"comment_status":"open","ping_status":"open","sticky":false,"template":"","format":"standard","meta":[],"categories":[3],"tags":[],"_links":{"self":[{"href":"https:\/\/dgospel.com.br\/portal\/index.php\/wp-json\/wp\/v2\/posts\/5129"}],"collection":[{"href":"https:\/\/dgospel.com.br\/portal\/index.php\/wp-json\/wp\/v2\/posts"}],"about":[{"href":"https:\/\/dgospel.com.br\/portal\/index.php\/wp-json\/wp\/v2\/types\/post"}],"author":[{"embeddable":true,"href":"https:\/\/dgospel.com.br\/portal\/index.php\/wp-json\/wp\/v2\/users\/2"}],"replies":[{"embeddable":true,"href":"https:\/\/dgospel.com.br\/portal\/index.php\/wp-json\/wp\/v2\/comments?post=5129"}],"version-history":[{"count":1,"href":"https:\/\/dgospel.com.br\/portal\/index.php\/wp-json\/wp\/v2\/posts\/5129\/revisions"}],"predecessor-version":[{"id":5131,"href":"https:\/\/dgospel.com.br\/portal\/index.php\/wp-json\/wp\/v2\/posts\/5129\/revisions\/5131"}],"wp:featuredmedia":[{"embeddable":true,"href":"https:\/\/dgospel.com.br\/portal\/index.php\/wp-json\/wp\/v2\/media\/5130"}],"wp:attachment":[{"href":"https:\/\/dgospel.com.br\/portal\/index.php\/wp-json\/wp\/v2\/media?parent=5129"}],"wp:term":[{"taxonomy":"category","embeddable":true,"href":"https:\/\/dgospel.com.br\/portal\/index.php\/wp-json\/wp\/v2\/categories?post=5129"},{"taxonomy":"post_tag","embeddable":true,"href":"https:\/\/dgospel.com.br\/portal\/index.php\/wp-json\/wp\/v2\/tags?post=5129"}],"curies":[{"name":"wp","href":"https:\/\/api.w.org\/{rel}","templated":true}]}}