{"id":5132,"date":"2020-03-16T23:54:42","date_gmt":"2020-03-17T02:54:42","guid":{"rendered":"http:\/\/dgospel.com.br\/portal\/?p=5132"},"modified":"2020-03-16T23:54:44","modified_gmt":"2020-03-17T02:54:44","slug":"bolsonaro-publica-decreto-que-cria-comite-de-crise-contra-o-coronavirus","status":"publish","type":"post","link":"https:\/\/dgospel.com.br\/portal\/index.php\/2020\/03\/16\/bolsonaro-publica-decreto-que-cria-comite-de-crise-contra-o-coronavirus\/","title":{"rendered":"Bolsonaro publica decreto que cria comit\u00ea de crise contra o coronav\u00edrus"},"content":{"rendered":"\n<p>&nbsp;O presidente da Rep\u00fablica,\nJair&nbsp;<strong>Bolsonaro<\/strong>,\npublicou na noite desta segunda-feira um decreto que institui o &#8220;Comit\u00ea de\nCrise para Supervis\u00e3o e Monitoramento dos Impactos da Covid-19&#8221;. Em edi\u00e7\u00e3o\nextra do Di\u00e1rio Oficial da Uni\u00e3o (DOU), Bolsonaro determinou a cria\u00e7\u00e3o do grupo\ninterministerial que debater\u00e1 as a\u00e7\u00f5es para o enfrentamento do&nbsp;<strong>coronav\u00edrus<\/strong>.<\/p>\n\n\n\n<figure><iframe width=\"2\" height=\"2\"><\/iframe><\/figure>\n\n\n\n<p>\n\n\n\nFazem parte do grupo 15 ministros: Braga Netto (Casa Civil), Sergio Moro\n(Seguran\u00e7a P\u00fablica), Fernando Azevedo (Defesa), Ernesto Ara\u00fajo (Rela\u00e7\u00f5es\nExteriores), Paulo Guedes (Economia), Tarc\u00edsio de Freitas (Infraestrutura),\nAbraham Weintraub (Educa\u00e7\u00e3o), Onyx Lorenzoni (Cidadania), Henrique Mandetta\n(Sa\u00fade), Marcos Pontes (Ci\u00eancia e Tecnologia), Wagner Ros\u00e1rio (CGU), Damares\nAlves (Mulher, Fam\u00edlia e Direitos Humanos) Jorge Oliveira (Secretaria-Geral da\nPresid\u00eancia), Luiz Eduardo Ramos (Secretaria de Governo), Augusto Heleno (GSI)\ne Andr\u00e9 Mendon\u00e7a (AGU).<\/p>\n\n\n\n<p>Ainda\nintegram o grupo os presidentes de Banco Central, Banco do Brasil, Caixa\nEcon\u00f4mica, BNDES, Anvisa e o coordenador do Centro de Opera\u00e7\u00f5es de Emerg\u00eancias\nem Sa\u00fade P\u00fablica da Secretaria de Vigil\u00e2ncia em Sa\u00fade do Minist\u00e9rio da Sa\u00fade.<\/p>\n\n\n\n<p>O objetivo do grupo \u00e9 articular e monitorar as a\u00e7\u00f5es relacionadas ao tema. O Comit\u00ea ser\u00e1 coordenado pela Casa Civil e atuar\u00e1 de forma integrada com o Grupo Executivo Interministerial de Emerg\u00eancia em Sa\u00fade P\u00fablica de Import\u00e2ncia Nacional e Internacional. Este outro grupo foi criado em janeiro para articular medidas emergenciais.<\/p>\n\n\n\n<p>Fonte: oglobo<\/p>\n","protected":false},"excerpt":{"rendered":"<p>&nbsp;O presidente da Rep\u00fablica, Jair&nbsp;Bolsonaro, publicou na noite desta segunda-feira um decreto que institui o &#8220;Comit\u00ea de Crise para Supervis\u00e3o e Monitoramento dos Impactos da Covid-19&#8221;. Em edi\u00e7\u00e3o extra do Di\u00e1rio Oficial da Uni\u00e3o (DOU), Bolsonaro determinou a cria\u00e7\u00e3o do grupo interministerial que debater\u00e1 as a\u00e7\u00f5es para o enfrentamento do&nbsp;coronav\u00edrus. Fazem parte do grupo 15 [&hellip;]<\/p>\n","protected":false},"author":2,"featured_media":5133,"comment_status":"open","ping_status":"open","sticky":false,"template":"","format":"standard","meta":[],"categories":[6,4],"tags":[],"_links":{"self":[{"href":"https:\/\/dgospel.com.br\/portal\/index.php\/wp-json\/wp\/v2\/posts\/5132"}],"collection":[{"href":"https:\/\/dgospel.com.br\/portal\/index.php\/wp-json\/wp\/v2\/posts"}],"about":[{"href":"https:\/\/dgospel.com.br\/portal\/index.php\/wp-json\/wp\/v2\/types\/post"}],"author":[{"embeddable":true,"href":"https:\/\/dgospel.com.br\/portal\/index.php\/wp-json\/wp\/v2\/users\/2"}],"replies":[{"embeddable":true,"href":"https:\/\/dgospel.com.br\/portal\/index.php\/wp-json\/wp\/v2\/comments?post=5132"}],"version-history":[{"count":1,"href":"https:\/\/dgospel.com.br\/portal\/index.php\/wp-json\/wp\/v2\/posts\/5132\/revisions"}],"predecessor-version":[{"id":5134,"href":"https:\/\/dgospel.com.br\/portal\/index.php\/wp-json\/wp\/v2\/posts\/5132\/revisions\/5134"}],"wp:featuredmedia":[{"embeddable":true,"href":"https:\/\/dgospel.com.br\/portal\/index.php\/wp-json\/wp\/v2\/media\/5133"}],"wp:attachment":[{"href":"https:\/\/dgospel.com.br\/portal\/index.php\/wp-json\/wp\/v2\/media?parent=5132"}],"wp:term":[{"taxonomy":"category","embeddable":true,"href":"https:\/\/dgospel.com.br\/portal\/index.php\/wp-json\/wp\/v2\/categories?post=5132"},{"taxonomy":"post_tag","embeddable":true,"href":"https:\/\/dgospel.com.br\/portal\/index.php\/wp-json\/wp\/v2\/tags?post=5132"}],"curies":[{"name":"wp","href":"https:\/\/api.w.org\/{rel}","templated":true}]}}