{"id":5135,"date":"2020-03-18T22:38:11","date_gmt":"2020-03-19T01:38:11","guid":{"rendered":"http:\/\/dgospel.com.br\/portal\/?p=5135"},"modified":"2020-03-18T22:38:12","modified_gmt":"2020-03-19T01:38:12","slug":"tocantins-registra-1o-caso-confirmado-do-covid-19","status":"publish","type":"post","link":"https:\/\/dgospel.com.br\/portal\/index.php\/2020\/03\/18\/tocantins-registra-1o-caso-confirmado-do-covid-19\/","title":{"rendered":"Tocantins registra 1\u00ba caso confirmado do Covid-19"},"content":{"rendered":"\n<p>A Secretaria de Estado da Sa\u00fade (SES) recebeu na manh\u00e3 desta quarta-feira, 18, a confirma\u00e7\u00e3o da rede privada&nbsp;de um caso positivo do novo coronav\u00edrus (Covid-19) na capital, Palmas. A paciente, advogada, de 42 anos, apresentou calafrios, cansa\u00e7o e dor no corpo ap\u00f3s retorno de viagem a Fortaleza\/CE, no dia 8 de mar\u00e7o, onde participou de um congresso. A paciente realizou o acompanhamento e o exame na rede privada e est\u00e1 est\u00e1vel em isolamento domiciliar, junto com familiares. A SES e a Secretaria Municipal de Sa\u00fade de Palmas iniciam, neste momento, a busca pelos contatos da paciente para monitoramento e orienta\u00e7\u00f5es di\u00e1rias.<\/p>\n\n\n\n<p>O secret\u00e1rio de Estado da Sa\u00fade, Edgar Tollini, explica os procedimentos que ser\u00e3o adotados. \u201cIremos rastrear toda a hist\u00f3ria epidemiol\u00f3gica dela, onde esteve e contatos de forma ampliada. Vamos continuar a orienta\u00e7\u00e3o e o monitoramento, visto que ela j\u00e1 est\u00e1 em isolamento domiciliar, e acompanhar o desenvolvimento da doen\u00e7a. J\u00e1 sabemos que os sintomas est\u00e3o moderados, al\u00e9m de acompanhar os demais poss\u00edveis casos relacionados a esse\u201d, pontua.<\/p>\n\n\n\n<p>O secret\u00e1rio refor\u00e7a ainda as orienta\u00e7\u00f5es para as atitudes adotadas no dia a dia, como lavar as m\u00e3os, evitar aglomera\u00e7\u00f5es e reduzir o contato social, o que, consequentemente, reduzir\u00e1 as chances de transmiss\u00e3o do v\u00edrus, que \u00e9 alta se comparado a outros coronav\u00edrus do passado. \u201cH\u00e1 ainda a orienta\u00e7\u00e3o que prop\u00f5e o refor\u00e7o da preven\u00e7\u00e3o individual com a etiqueta respirat\u00f3ria [como cobrir a boca com o antebra\u00e7o ou len\u00e7o descart\u00e1vel ao tossir ou espirrar], o isolamento domiciliar ou hospitalar de pessoas com sintomas da doen\u00e7a por at\u00e9 14 dias, al\u00e9m da recomenda\u00e7\u00e3o para que pacientes com casos leves procurem os postos de sa\u00fade\u201d, frisa.<\/p>\n\n\n\n<p>Os v\u00edrus respirat\u00f3rios se espalham pelo contato, por isso a import\u00e2ncia da pr\u00e1tica da higiene frequente, a desinfec\u00e7\u00e3o de objetos e superf\u00edcies tocados com frequ\u00eancia, como celulares, brinquedos, ma\u00e7anetas e corrim\u00e3o. At\u00e9 mesmo a forma de cumprimentar o outro deve mudar, evitando abra\u00e7os, apertos de m\u00e3os e beijos no rosto. Essas s\u00e3o as maneiras mais importantes pelas quais as pessoas podem proteger a si e sua fam\u00edlia de doen\u00e7as respirat\u00f3rias, incluindo o Covid-19.<\/p>\n\n\n\n<p><strong>Dados<\/strong><\/p>\n\n\n\n<p>No Tocantins, at\u00e9 esta ter\u00e7a-feira, 17, j\u00e1 haviam sido notificados ao Minist\u00e9rio da Sa\u00fade 11 casos suspeitos. Destes, o paciente que estava em isolamento hospitalar em uma unidade da rede privada, em Palmas, recebeu o diagn\u00f3stico negativo para Covid-19, estando com outra s\u00edndrome respirat\u00f3ria aguda grave.<\/p>\n\n\n\n<p>A SES ressalta ainda que os resultados laboratoriais das primeiras amostras enviadas ao laborat\u00f3rio de refer\u00eancia nacional Instituto Adolfo Lutz (IAL), n\u00e3o foram liberados ao Laborat\u00f3rio Central de Sa\u00fade P\u00fablica do Tocantins (Lacen) e aguarda o envio dos resultados.<\/p>\n\n\n\n<p><strong>Testes<\/strong><\/p>\n\n\n\n<p>O Laborat\u00f3rio Central de Sa\u00fade P\u00fablica do Estado (Lacen) recebeu nesta quarta-feira, 18, 96 testes para testagem dos exames para o Covid-19&nbsp;que dever\u00e3o ser utilizados para diagn\u00f3stico ainda esta semana. A superintendente de Vigil\u00e2ncia em Sa\u00fade da SES, Perciliana Bezerra, esclarece que o Estado ir\u00e1 receber testes semanalmente do Minist\u00e9rio da Sa\u00fade. &#8220;S\u00f3 que eles&nbsp;n\u00e3o ser\u00e3o utilizados indiscriminadamente, apenas em pacientes com hist\u00f3rico epidemiol\u00f3gico e sintomas compat\u00edveis para o Covid-19\u201d, ressalta a superintendente.<\/p>\n","protected":false},"excerpt":{"rendered":"<p>A Secretaria de Estado da Sa\u00fade (SES) recebeu na manh\u00e3 desta quarta-feira, 18, a confirma\u00e7\u00e3o da rede privada&nbsp;de um caso positivo do novo coronav\u00edrus (Covid-19) na capital, Palmas. A paciente, advogada, de 42 anos, apresentou calafrios, cansa\u00e7o e dor no corpo ap\u00f3s retorno de viagem a Fortaleza\/CE, no dia 8 de mar\u00e7o, onde participou de [&hellip;]<\/p>\n","protected":false},"author":2,"featured_media":5136,"comment_status":"open","ping_status":"open","sticky":false,"template":"","format":"standard","meta":[],"categories":[3],"tags":[],"_links":{"self":[{"href":"https:\/\/dgospel.com.br\/portal\/index.php\/wp-json\/wp\/v2\/posts\/5135"}],"collection":[{"href":"https:\/\/dgospel.com.br\/portal\/index.php\/wp-json\/wp\/v2\/posts"}],"about":[{"href":"https:\/\/dgospel.com.br\/portal\/index.php\/wp-json\/wp\/v2\/types\/post"}],"author":[{"embeddable":true,"href":"https:\/\/dgospel.com.br\/portal\/index.php\/wp-json\/wp\/v2\/users\/2"}],"replies":[{"embeddable":true,"href":"https:\/\/dgospel.com.br\/portal\/index.php\/wp-json\/wp\/v2\/comments?post=5135"}],"version-history":[{"count":1,"href":"https:\/\/dgospel.com.br\/portal\/index.php\/wp-json\/wp\/v2\/posts\/5135\/revisions"}],"predecessor-version":[{"id":5137,"href":"https:\/\/dgospel.com.br\/portal\/index.php\/wp-json\/wp\/v2\/posts\/5135\/revisions\/5137"}],"wp:featuredmedia":[{"embeddable":true,"href":"https:\/\/dgospel.com.br\/portal\/index.php\/wp-json\/wp\/v2\/media\/5136"}],"wp:attachment":[{"href":"https:\/\/dgospel.com.br\/portal\/index.php\/wp-json\/wp\/v2\/media?parent=5135"}],"wp:term":[{"taxonomy":"category","embeddable":true,"href":"https:\/\/dgospel.com.br\/portal\/index.php\/wp-json\/wp\/v2\/categories?post=5135"},{"taxonomy":"post_tag","embeddable":true,"href":"https:\/\/dgospel.com.br\/portal\/index.php\/wp-json\/wp\/v2\/tags?post=5135"}],"curies":[{"name":"wp","href":"https:\/\/api.w.org\/{rel}","templated":true}]}}