{"id":5138,"date":"2020-03-18T22:40:37","date_gmt":"2020-03-19T01:40:37","guid":{"rendered":"http:\/\/dgospel.com.br\/portal\/?p=5138"},"modified":"2020-03-18T22:40:38","modified_gmt":"2020-03-19T01:40:38","slug":"mauro-carlesse-decreta-situacao-de-emergencia-no-tocantins-em-razao-da-pandemia-do-novo-coronavirus","status":"publish","type":"post","link":"https:\/\/dgospel.com.br\/portal\/index.php\/2020\/03\/18\/mauro-carlesse-decreta-situacao-de-emergencia-no-tocantins-em-razao-da-pandemia-do-novo-coronavirus\/","title":{"rendered":"Mauro Carlesse decreta situa\u00e7\u00e3o de emerg\u00eancia no Tocantins em raz\u00e3o da pandemia do novo Coronav\u00edrus"},"content":{"rendered":"\n<p>O governador do Tocantins, Mauro Carlesse, assinou nesta quarta-feira, 18, o Decreto N\u00ba 6.070 que declara Situa\u00e7\u00e3o de Emerg\u00eancia no Tocantins. A publica\u00e7\u00e3o do documento ser\u00e1 feita na edi\u00e7\u00e3o desta quarta-feira, 18, do Di\u00e1rio Oficial do Estado (DOE).<\/p>\n\n\n\n<p>O estado de emerg\u00eancia se caracteriza pela imin\u00eancia de danos \u00e0 sa\u00fade e aos servi\u00e7os p\u00fablicos. Com a medida, o Governo do Tocantins pode dispensar licita\u00e7\u00e3o, sem preju\u00edzo das restri\u00e7\u00f5es da Lei de Responsabilidade Fiscal (LC 101\/2000), para comprar, locar materiais, servi\u00e7os e produtos para atuar na preven\u00e7\u00e3o e tratamento do Covid-19.<\/p>\n\n\n\n<p>\u201cA situa\u00e7\u00e3o de emerg\u00eancia nos possibilita atuar com mais agilidade diante das necessidades que venham a surgir em raz\u00e3o do novo Coronav\u00edrus, ent\u00e3o podemos fazer com mais rapidez a aquisi\u00e7\u00e3o de insumos, medicamentos e leitos de hospitais, por exemplo\u201d, afirmou o governador Mauro Carlesse.<\/p>\n\n\n\n<p>O decreto ainda se aplica ao atendimento, inclusive de resposta a demandas sociais que, porventura, ocorram em raz\u00e3o da transmissibilidade do v\u00edrus, de efeitos econ\u00f4micos locais que ela venha a provocar, bem como das provid\u00eancias adotadas quanto \u00e0 redu\u00e7\u00e3o do fluxo de pessoas.<\/p>\n\n\n\n<p>No \u00faltimo dia 11 de mar\u00e7o, a Organiza\u00e7\u00e3o Mundial da Sa\u00fade (OMS) declarou pandemia de Covid-19. Nesta quarta-feira, 18, o Governo Federal pediu ao Congresso Nacional o reconhecimento do estado de calamidade p\u00fablica no pa\u00eds.<\/p>\n\n\n\n<p>Ainda nesta quarta-feira, 18, o Tocantins registrou o primeiro caso de paciente infectado pelo Covid-19.<\/p>\n\n\n\n<p><strong>A\u00e7\u00f5es do Governo<\/strong><\/p>\n\n\n\n<p>O Governo do Tocantins vem agindo com rapidez para prevenir a dissemina\u00e7\u00e3o do Covid-19 no Estado. Dentre as medidas j\u00e1 adotadas est\u00e1 a suspens\u00e3o de aulas na Rede P\u00fablica Estadual e na Universidade do Tocantins; a implanta\u00e7\u00e3o de um Comit\u00ea de Crise para Preven\u00e7\u00e3o do v\u00edrus Covid-19 com representantes de outros Poderes do Estado e \u00f3rg\u00e3os institucionais; a suspens\u00e3o de visitas tur\u00edsticas no Pal\u00e1cio Araguaia, no Museu Palacinho e nos Parques Estaduais e nas Unidades de Conserva\u00e7\u00e3o (UCs); a redu\u00e7\u00e3o da jornada de trabalho dos servidores p\u00fablicos estaduais; o adiamento, por 30 dias, de todos os eventos programados pelo Poder Executivo; a suspens\u00e3o de visita\u00e7\u00e3o aos presos do sistema Prisional e do Socioeducativos e da realiza\u00e7\u00e3o da 20\u00aa edi\u00e7\u00e3o da Agrotins, que estava prevista para ocorrer em maio.<\/p>\n","protected":false},"excerpt":{"rendered":"<p>O governador do Tocantins, Mauro Carlesse, assinou nesta quarta-feira, 18, o Decreto N\u00ba 6.070 que declara Situa\u00e7\u00e3o de Emerg\u00eancia no Tocantins. A publica\u00e7\u00e3o do documento ser\u00e1 feita na edi\u00e7\u00e3o desta quarta-feira, 18, do Di\u00e1rio Oficial do Estado (DOE). O estado de emerg\u00eancia se caracteriza pela imin\u00eancia de danos \u00e0 sa\u00fade e aos servi\u00e7os p\u00fablicos. Com [&hellip;]<\/p>\n","protected":false},"author":2,"featured_media":5139,"comment_status":"open","ping_status":"open","sticky":false,"template":"","format":"standard","meta":[],"categories":[4],"tags":[],"_links":{"self":[{"href":"https:\/\/dgospel.com.br\/portal\/index.php\/wp-json\/wp\/v2\/posts\/5138"}],"collection":[{"href":"https:\/\/dgospel.com.br\/portal\/index.php\/wp-json\/wp\/v2\/posts"}],"about":[{"href":"https:\/\/dgospel.com.br\/portal\/index.php\/wp-json\/wp\/v2\/types\/post"}],"author":[{"embeddable":true,"href":"https:\/\/dgospel.com.br\/portal\/index.php\/wp-json\/wp\/v2\/users\/2"}],"replies":[{"embeddable":true,"href":"https:\/\/dgospel.com.br\/portal\/index.php\/wp-json\/wp\/v2\/comments?post=5138"}],"version-history":[{"count":1,"href":"https:\/\/dgospel.com.br\/portal\/index.php\/wp-json\/wp\/v2\/posts\/5138\/revisions"}],"predecessor-version":[{"id":5140,"href":"https:\/\/dgospel.com.br\/portal\/index.php\/wp-json\/wp\/v2\/posts\/5138\/revisions\/5140"}],"wp:featuredmedia":[{"embeddable":true,"href":"https:\/\/dgospel.com.br\/portal\/index.php\/wp-json\/wp\/v2\/media\/5139"}],"wp:attachment":[{"href":"https:\/\/dgospel.com.br\/portal\/index.php\/wp-json\/wp\/v2\/media?parent=5138"}],"wp:term":[{"taxonomy":"category","embeddable":true,"href":"https:\/\/dgospel.com.br\/portal\/index.php\/wp-json\/wp\/v2\/categories?post=5138"},{"taxonomy":"post_tag","embeddable":true,"href":"https:\/\/dgospel.com.br\/portal\/index.php\/wp-json\/wp\/v2\/tags?post=5138"}],"curies":[{"name":"wp","href":"https:\/\/api.w.org\/{rel}","templated":true}]}}