{"id":5141,"date":"2020-03-18T22:43:34","date_gmt":"2020-03-19T01:43:34","guid":{"rendered":"http:\/\/dgospel.com.br\/portal\/?p=5141"},"modified":"2020-03-18T22:43:37","modified_gmt":"2020-03-19T01:43:37","slug":"governo-adota-medidas-de-prevencao-ao-coronavirus-em-unidades-penais-e-socioeducativas","status":"publish","type":"post","link":"https:\/\/dgospel.com.br\/portal\/index.php\/2020\/03\/18\/governo-adota-medidas-de-prevencao-ao-coronavirus-em-unidades-penais-e-socioeducativas\/","title":{"rendered":"Governo adota medidas de preven\u00e7\u00e3o ao coronav\u00edrus em unidades penais e socioeducativas"},"content":{"rendered":"\n<p>Em conformidade com o combate a propaga\u00e7\u00e3o e dissemina\u00e7\u00e3o do novo coronav\u00edrus e com o intuito de prevenir que pessoas privadas de liberdade custodiadas em unidades prisionais ou socioeducativas do Estado do Tocantins fiquem doentes pelo Covid-19, a Secretaria de Estado da Cidadania e Justi\u00e7a (Seciju) adotou medidas para o enfrentamento.<\/p>\n\n\n\n<p>A primeira a\u00e7\u00e3o de preven\u00e7\u00e3o ao Covid-19 foi a elabora\u00e7\u00e3o de Nota T\u00e9cnica pela Superintend\u00eancia de Administra\u00e7\u00e3o dos Sistemas Penitenci\u00e1rio e Prisional da Seciju, logo no in\u00edcio do m\u00eas, com orienta\u00e7\u00f5es para preven\u00e7\u00e3o de cont\u00e1gio por coronav\u00edrus e outras doen\u00e7as.<\/p>\n\n\n\n<p>Preparada por especialistas da secretaria, a Nota levou informa\u00e7\u00f5es sobre quais a\u00e7\u00f5es devem ser desencadeadas a partir da defini\u00e7\u00e3o de um caso suspeito de infec\u00e7\u00e3o humana pelo novo coronav\u00edrus, tanto em pessoas privadas de liberdade quanto visitantes das unidades penais, e orienta\u00e7\u00f5es de como prevenir a doen\u00e7a adotando h\u00e1bitos de higiene, como lavar as m\u00e3os com \u00e1gua e sab\u00e3o v\u00e1rias vezes ao dia, fazer uso do \u00e1lcool em gel e n\u00e3o compartilhar objetos de uso pessoal.<\/p>\n\n\n\n<p>A segunda medida tomada pela Cidadania e Justi\u00e7a, atrav\u00e9s da Superintend\u00eancia dos Sistemas Penitenci\u00e1rio e Prisional, foi a elabora\u00e7\u00e3o de um Plano de A\u00e7\u00e3o para Preven\u00e7\u00e3o de Cont\u00e1gio e Dissemina\u00e7\u00e3o por Coronav\u00edrus, nas Unidades do Sistema Penitenci\u00e1rio, que suspendeu qualquer tipo de visitas aos estabelecimentos penais pelo prazo inicial de 15 dias, interrompeu a entrega particular de alimentos, cessou as atividades escolares e as transfer\u00eancias estaduais e interestaduais de presos. Tamb\u00e9m foi refor\u00e7ado o card\u00e1pio de alimenta\u00e7\u00e3o, visando uma maior nutri\u00e7\u00e3o das pessoas privadas de liberdade.<\/p>\n\n\n\n<p>Al\u00e9m das atitudes mencionadas, a\u00e7\u00f5es de cuidados a sa\u00fade do preso como distribui\u00e7\u00e3o de kits de higiene est\u00e3o sendo feitas e desde janeiro est\u00e3o ocorrendo Mutir\u00f5es de Sa\u00fade nas unidades prisionais, e outras medidas de seguran\u00e7a est\u00e3o sendo tomadas. A Ger\u00eancia de Administra\u00e7\u00e3o e Opera\u00e7\u00f5es do Sistema Penitenci\u00e1rio e Prisional juntamente com o Grupo de Interven\u00e7\u00e3o R\u00e1pida (GIR) e Grupo de Escolta Penitenci\u00e1ria (GEP), est\u00e3o atentas para agir na conten\u00e7\u00e3o de situa\u00e7\u00f5es adversas que possam surgir com as medidas emergenciais.<\/p>\n\n\n\n<p>A Seciju tamb\u00e9m est\u00e1 alinhada com os Sistemas de Seguran\u00e7a de toda a regi\u00e3o Norte e seguindo orienta\u00e7\u00f5es do Departamento Penitenci\u00e1rio e do Sistema de Justi\u00e7a.<\/p>\n\n\n\n<p><strong>Sistema Socioeducativo<\/strong><\/p>\n\n\n\n<p>Outra decis\u00e3o assumida pela Seciju diz respeito a vulnerabilidade dos adolescentes em cumprimento de medida socioeducativa, e seguindo os protocolos de preven\u00e7\u00e3o \u00e0 transmiss\u00e3o da doen\u00e7a estabelecidos pela Organiza\u00e7\u00e3o Mundial da Sa\u00fade (OMS) e pela Secretaria de Estado da Sa\u00fade (SES), decidiu suspender pelo prazo de 15 dias, podendo ser prorrogado, as visitas e a entrega particular de g\u00eaneros aliment\u00edcios em todas as unidades socioeducativas do Estado, visando \u00e0 prote\u00e7\u00e3o dos servidores, dos socioeducandos, dos familiares e dos visitantes.<\/p>\n\n\n\n<p>O superintendente de Administra\u00e7\u00e3o do Sistema de Prote\u00e7\u00e3o dos Direitos da Crian\u00e7a e do Adolescente, Gilberto da Costa Silva, falou sobre a necessidade de tomar atitudes de vigil\u00e2ncia a sa\u00fade dos adolescentes em cumprimento de medida socioeducativa e tamb\u00e9m dos servidores. \u201cEstamos executando uma a\u00e7\u00e3o preventiva para o enfrentamento do Covid-19 e al\u00e9m da suspens\u00e3o de visitas, tamb\u00e9m estamos interrompendo as atividades escolares, bem como as visitas de entidades religiosas e Organiza\u00e7\u00f5es da Sociedade Civil (OSC), e as transfer\u00eancias estaduais e interestaduais dos adolescentes. Ainda estamos distribuindo kits de higiene pessoal contendo m\u00e1scaras, luvas e \u00e1lcool em gel para proteger os servidores e socioeducando\u201d, ressaltou.<\/p>\n","protected":false},"excerpt":{"rendered":"<p>Em conformidade com o combate a propaga\u00e7\u00e3o e dissemina\u00e7\u00e3o do novo coronav\u00edrus e com o intuito de prevenir que pessoas privadas de liberdade custodiadas em unidades prisionais ou socioeducativas do Estado do Tocantins fiquem doentes pelo Covid-19, a Secretaria de Estado da Cidadania e Justi\u00e7a (Seciju) adotou medidas para o enfrentamento. A primeira a\u00e7\u00e3o de [&hellip;]<\/p>\n","protected":false},"author":2,"featured_media":5142,"comment_status":"open","ping_status":"open","sticky":false,"template":"","format":"standard","meta":[],"categories":[3],"tags":[],"_links":{"self":[{"href":"https:\/\/dgospel.com.br\/portal\/index.php\/wp-json\/wp\/v2\/posts\/5141"}],"collection":[{"href":"https:\/\/dgospel.com.br\/portal\/index.php\/wp-json\/wp\/v2\/posts"}],"about":[{"href":"https:\/\/dgospel.com.br\/portal\/index.php\/wp-json\/wp\/v2\/types\/post"}],"author":[{"embeddable":true,"href":"https:\/\/dgospel.com.br\/portal\/index.php\/wp-json\/wp\/v2\/users\/2"}],"replies":[{"embeddable":true,"href":"https:\/\/dgospel.com.br\/portal\/index.php\/wp-json\/wp\/v2\/comments?post=5141"}],"version-history":[{"count":1,"href":"https:\/\/dgospel.com.br\/portal\/index.php\/wp-json\/wp\/v2\/posts\/5141\/revisions"}],"predecessor-version":[{"id":5143,"href":"https:\/\/dgospel.com.br\/portal\/index.php\/wp-json\/wp\/v2\/posts\/5141\/revisions\/5143"}],"wp:featuredmedia":[{"embeddable":true,"href":"https:\/\/dgospel.com.br\/portal\/index.php\/wp-json\/wp\/v2\/media\/5142"}],"wp:attachment":[{"href":"https:\/\/dgospel.com.br\/portal\/index.php\/wp-json\/wp\/v2\/media?parent=5141"}],"wp:term":[{"taxonomy":"category","embeddable":true,"href":"https:\/\/dgospel.com.br\/portal\/index.php\/wp-json\/wp\/v2\/categories?post=5141"},{"taxonomy":"post_tag","embeddable":true,"href":"https:\/\/dgospel.com.br\/portal\/index.php\/wp-json\/wp\/v2\/tags?post=5141"}],"curies":[{"name":"wp","href":"https:\/\/api.w.org\/{rel}","templated":true}]}}