{"id":5147,"date":"2020-03-18T23:09:34","date_gmt":"2020-03-19T02:09:34","guid":{"rendered":"http:\/\/dgospel.com.br\/portal\/?p=5147"},"modified":"2020-03-18T23:09:35","modified_gmt":"2020-03-19T02:09:35","slug":"coronavirus-prefeita-cinthia-ribeiro-se-reune-com-lideres-religiosos-e-pede-unidade-na-luta-contra-o-virus","status":"publish","type":"post","link":"https:\/\/dgospel.com.br\/portal\/index.php\/2020\/03\/18\/coronavirus-prefeita-cinthia-ribeiro-se-reune-com-lideres-religiosos-e-pede-unidade-na-luta-contra-o-virus\/","title":{"rendered":"Coronav\u00edrus: prefeita Cinthia Ribeiro se re\u00fane com l\u00edderes religiosos e pede unidade na luta contra o v\u00edrus"},"content":{"rendered":"\n<p>A prefeita de Palmas Cinthia Ribeiro se reuniu na tarde desta quarta-feira, 18, com l\u00edderes religiosos para pedir unidade nas a\u00e7\u00f5es da luta contra o novo Coronav\u00edrus (Covid-19). A reuni\u00e3o contou com a presen\u00e7a dos membros do Centro de Opera\u00e7\u00f5es de Emerg\u00eancia em Sa\u00fade (COE), que propuseram em conjunto medidas a serem adotadas pelas igrejas junto a seus fi\u00e9is no sentido de orientar e prevenir a contamina\u00e7\u00e3o e prolifera\u00e7\u00e3o do v\u00edrus.<\/p>\n\n\n\n<p>A gestora explicou que este \u00e9 um momento de uni\u00e3o. &#8220;Infelizmente n\u00e3o conseguimos nos reunir com todos os segmentos para tomarmos as medidas necess\u00e1rias e urgentes que iremos publicar hoje. Vivenciamos algo muito at\u00edpico para qualquer gestor, mas estamos imbu\u00eddos que a popula\u00e7\u00e3o de Palmas respeite a recomenda\u00e7\u00e3o de manter o isolamento. S\u00f3 assim conseguiremos conter o v\u00edrus. Lembrando que obedecer ao isolamento \u00e9 um ato de amor e respeito ao pr\u00f3ximo&#8221;.<\/p>\n\n\n\n<p>A Arquidiocese de Palmas j\u00e1 havia divulgado uma nota com v\u00e1rias recomenda\u00e7\u00f5es no sentido de preven\u00e7\u00e3o e medidas que foram adotadas para higieniza\u00e7\u00e3o das igrejas. Durante a reuni\u00e3o, o padre Eduardo Zanom, da Catedral Divino Esp\u00edrito, que no final de semana re\u00fane quatro mil fi\u00e9is, se comprometeu em preven\u00e7\u00f5es mais rigorosas, diante da primeira constata\u00e7\u00e3o de pessoa infectada pelo novo v\u00edrus em Palmas. &#8220;Precisamos pensar em um plano de evangeliza\u00e7\u00e3o que d\u00ea aos nossos fi\u00e9is a seguran\u00e7a necess\u00e1ria e, ao mesmo tempo, o conforto espiritual que precisa ser vivenciado nesse momento&#8221;.<\/p>\n\n\n\n<p>O presidente da Conven\u00e7\u00e3o das Assembleias de Deus Minist\u00e9rio de Madureira no Tocantins, pastor Amarildo Martins, mostrou sua preocupa\u00e7\u00e3o e se mostrou comprometido nas a\u00e7\u00f5es de conter o v\u00edrus. &#8220;A minha f\u00e9 acredita que o sangue de Jesus est\u00e1 nos umbrais das nossas portas e mal algum chegar\u00e1. Mas essa \u00e9 a minha f\u00e9, n\u00e3o posso obrigar ou exigir que outros tenham a mesma f\u00e9&#8221;.<\/p>\n\n\n\n<p>Tamb\u00e9m participou da reuni\u00e3o o representante da Ordem dos Ministros Evang\u00e9licos de Palmas, o pastor Carlos Roberto Lopes, da Igreja Casa da Ben\u00e7\u00e3o. &#8220;As igrejas precisam se mobilizar e os pastores estar\u00e3o comunicando \u00e0s suas congrega\u00e7\u00f5es as medidas a serem adotadas. Esse \u00e9 um momento de coopera\u00e7\u00e3o, o perigo de cont\u00e1gio \u00e9 real, e todos precisam se proteger&#8221;, finalizou assegurando que medidas de seguran\u00e7a ser\u00e3o tomadas pelas igrejas.<\/p>\n","protected":false},"excerpt":{"rendered":"<p>A prefeita de Palmas Cinthia Ribeiro se reuniu na tarde desta quarta-feira, 18, com l\u00edderes religiosos para pedir unidade nas a\u00e7\u00f5es da luta contra o novo Coronav\u00edrus (Covid-19). A reuni\u00e3o contou com a presen\u00e7a dos membros do Centro de Opera\u00e7\u00f5es de Emerg\u00eancia em Sa\u00fade (COE), que propuseram em conjunto medidas a serem adotadas pelas igrejas [&hellip;]<\/p>\n","protected":false},"author":2,"featured_media":5148,"comment_status":"open","ping_status":"open","sticky":false,"template":"","format":"standard","meta":[],"categories":[4],"tags":[],"_links":{"self":[{"href":"https:\/\/dgospel.com.br\/portal\/index.php\/wp-json\/wp\/v2\/posts\/5147"}],"collection":[{"href":"https:\/\/dgospel.com.br\/portal\/index.php\/wp-json\/wp\/v2\/posts"}],"about":[{"href":"https:\/\/dgospel.com.br\/portal\/index.php\/wp-json\/wp\/v2\/types\/post"}],"author":[{"embeddable":true,"href":"https:\/\/dgospel.com.br\/portal\/index.php\/wp-json\/wp\/v2\/users\/2"}],"replies":[{"embeddable":true,"href":"https:\/\/dgospel.com.br\/portal\/index.php\/wp-json\/wp\/v2\/comments?post=5147"}],"version-history":[{"count":1,"href":"https:\/\/dgospel.com.br\/portal\/index.php\/wp-json\/wp\/v2\/posts\/5147\/revisions"}],"predecessor-version":[{"id":5149,"href":"https:\/\/dgospel.com.br\/portal\/index.php\/wp-json\/wp\/v2\/posts\/5147\/revisions\/5149"}],"wp:featuredmedia":[{"embeddable":true,"href":"https:\/\/dgospel.com.br\/portal\/index.php\/wp-json\/wp\/v2\/media\/5148"}],"wp:attachment":[{"href":"https:\/\/dgospel.com.br\/portal\/index.php\/wp-json\/wp\/v2\/media?parent=5147"}],"wp:term":[{"taxonomy":"category","embeddable":true,"href":"https:\/\/dgospel.com.br\/portal\/index.php\/wp-json\/wp\/v2\/categories?post=5147"},{"taxonomy":"post_tag","embeddable":true,"href":"https:\/\/dgospel.com.br\/portal\/index.php\/wp-json\/wp\/v2\/tags?post=5147"}],"curies":[{"name":"wp","href":"https:\/\/api.w.org\/{rel}","templated":true}]}}