{"id":515,"date":"2018-06-11T10:25:19","date_gmt":"2018-06-11T13:25:19","guid":{"rendered":"http:\/\/dgospel.com.br\/portal\/?p=515"},"modified":"2018-06-11T10:25:19","modified_gmt":"2018-06-11T13:25:19","slug":"governo-tocantins-anuncia-forca-tarefa-de-combate-as-queimadas-e-contratacao-de-brigadistas","status":"publish","type":"post","link":"https:\/\/dgospel.com.br\/portal\/index.php\/2018\/06\/11\/governo-tocantins-anuncia-forca-tarefa-de-combate-as-queimadas-e-contratacao-de-brigadistas\/","title":{"rendered":"Governo Tocantins anuncia for\u00e7a-tarefa de combate \u00e0s queimadas e contrata\u00e7\u00e3o de brigadistas"},"content":{"rendered":"<p>As a\u00e7\u00f5es planejadas que ser\u00e3o executadas para a preven\u00e7\u00e3o, combate e fiscaliza\u00e7\u00e3o contra as queimadas ser\u00e3o apresentadas nesta segunda-feira, 11, pelo Governo do Tocantins, com as assinaturas do Protocolo de Inten\u00e7\u00f5es para a contrata\u00e7\u00e3o de 50 brigadistas egressos e aberto do sistema prisional e tamb\u00e9m do Acordo de Coopera\u00e7\u00e3o T\u00e9cnica para implantar o Projeto Salvando Vida, al\u00e9m do an\u00fancio do cronograma da opera\u00e7\u00e3o da for\u00e7a-tarefa. O lan\u00e7amento ocorre na sala de reuni\u00f5es do Pal\u00e1cio Araguaia, em Palmas, e conta com a integra\u00e7\u00e3o, em conjunto, de 20 \u00f3rg\u00e3os estaduais e federais.<\/p>\n<p>&nbsp;<\/p>\n<p>Em rela\u00e7\u00e3o ao Projeto Salvando Vidas, sendo em simbiose com o Protocolo de Inten\u00e7\u00f5es, o termo firmado entre a Secretaria Estadual do Meio Ambiente e Recursos H\u00eddricos (Semarh) e a Secretaria Estadual de Cidadania e Justi\u00e7a (Seciju) prev\u00ea o treinamento, estrutura\u00e7\u00e3o e operacionaliza\u00e7\u00e3o de Brigada de Inc\u00eandio composta por egressos do Sistema Penitenci\u00e1rio do Tocantins, que s\u00e3o pessoas privadas de liberdade que cumprem pena em regime aberto e cumpridores de medidas alternativas com exce\u00e7\u00e3o do monitoramento eletr\u00f4nico, com a finalidade de preven\u00e7\u00e3o e combate ao sinistro em especial queimadas e inc\u00eandios florestais.<\/p>\n<p>&nbsp;<\/p>\n<p>Tamb\u00e9m com o objetivo de refor\u00e7ar as opera\u00e7\u00f5es de combate aos inc\u00eandios em campo, a Semarh, juntamente com a Defesa Civil, Seciju e por meio do conv\u00eanio com a Funda\u00e7\u00e3o de apoio Cient\u00edfico e Tecnol\u00f3gico do Tocantins (Fapto) vai contratar 50 brigadistas. A atua\u00e7\u00e3o inicia a partir do m\u00eas de agosto e segue at\u00e9 o m\u00eas de outubro, per\u00edodo de estiagem no estado.<\/p>\n<p>&nbsp;<\/p>\n<p>O secret\u00e1rio do Meio Ambiente e Recursos H\u00eddricos, Leonardo Cintra, destacou que neste ano o Governo considerou de import\u00e2ncia social que a contrata\u00e7\u00e3o dos brigadistas fosse voltada para oportunizar quem est\u00e1 em regime egresso e aberto. \u201c\u00c9 importante fazer a ressocializa\u00e7\u00e3o dos mesmos e vimos uma forma efetiva para que isso ocorra. Precisamos\u00a0contratar para o trabalho em campo de preven\u00e7\u00e3o, controle e combate aos inc\u00eandios e as pessoas que ser\u00e3o selecionadas precisam ser reinseridas no mercado\u201d, explicou o secret\u00e1rio. A Fapto, de acordo com Leonardo Cintra, ser\u00e1 respons\u00e1vel pela triagem, sele\u00e7\u00e3o e treinamento dos brigadistas. \u201cSer\u00e1 levado em considera\u00e7\u00e3o o crit\u00e9rio de bom comportamento, para passarem por cursos de capacita\u00e7\u00e3o, com o fim de se tornarem brigadistas\u201d, afirmou o gestor estadual.<\/p>\n<p>&nbsp;<\/p>\n<p>Ao todo ser\u00e3o investidos R$ 750 mil para a admiss\u00e3o dos brigadistas, capacita\u00e7\u00e3o, compra equipamentos de prote\u00e7\u00e3o individual, sal\u00e1rios e demais despesas necess\u00e1rias para a forma\u00e7\u00e3o da brigada.<\/p>\n<p>&nbsp;<\/p>\n<p><strong>For\u00e7a-Tarefa<\/strong><\/p>\n<p>&nbsp;<\/p>\n<p>S\u00e3o 20 \u00f3rg\u00e3os envolvidos para que a for\u00e7a-tarefa seja iniciada com o Dia \u201cD\u201d, na pr\u00f3xima quarta-feira, 13, em Palmas. Assim como ocorreu em 2017, para este ano o objetivo \u00e9 focar nos munic\u00edpios priorit\u00e1rios que lideram o ranking de queimadas, no Tocantins, sendo: Formoso do Araguaia, Lagoa da Confus\u00e3o, Lizarda, Novo Acordo, S\u00e3o Felix, Pium e Ponte Alta do Tocantins.<\/p>\n<p>&nbsp;<\/p>\n<p>A mobiliza\u00e7\u00e3o engloba\u00a0\u00a0educa\u00e7\u00e3o ambiental, contrata\u00e7\u00e3o de brigadistas, campanha institucional de apoio, for\u00e7a-tarefa e uma central de intelig\u00eancia para o mapeamento e controle das \u00e1reas queimadas ou com focos de inc\u00eandios, por meio do Centro de Monitoramento Ambiental e Manejo do Fogo (Cemaf).<\/p>\n<p>&nbsp;<\/p>\n<p>Para a for\u00e7a-tarefa, os 20 \u00f3rg\u00e3os\u00a0\u00a0que est\u00e3o a frente s\u00e3o: Secretaria Estadual do Meio Ambiente e Recursos H\u00eddricos (Semarh), Coordenadoria Estadual da Defesa Civil,\u00a0Secretaria Estadual da Cidadania e Justi\u00e7a (Seciju),\u00a0Instituto de Desenvolvimento Rural do Tocantins (Ruraltins), Instituto Natureza do Tocantins (Naturatins), Ag\u00eancia Tocantinense de Transporte e Obras (Ageto), Secretaria Estadual da Sa\u00fade (Sesau), Secretaria Estadual da Educa\u00e7\u00e3o, Juventude e Esportes (Seduc), Instituto Brasileiro do Meio Ambiente e dos Recursos Naturais Renov\u00e1veis (IBAMA), Funda\u00e7\u00e3o Nacional do \u00cdndio (Funai), Ex\u00e9rcito Brasileiro, Secretaria de Estado do Desenvolvimento da Agricultura e Pecu\u00e1ria (Seagro), Instituto Nacional de Coloniza\u00e7\u00e3o e Reforma Agr\u00e1ria (Incra), Pol\u00edcia ambiental, Defesa Civil Municipal de Palmas, Guarda Metropolitana, Corpo de Bombeiros, Minist\u00e9rio P\u00fablico Estadual, Instituto de Terras do Tocantins (Itertins); e Federa\u00e7\u00e3o da Agricultura e Pecu\u00e1ria do Tocantins (Faet).<\/p>\n<p>&nbsp;<\/p>\n","protected":false},"excerpt":{"rendered":"<p>As a\u00e7\u00f5es planejadas que ser\u00e3o executadas para a preven\u00e7\u00e3o, combate e fiscaliza\u00e7\u00e3o contra as queimadas ser\u00e3o apresentadas nesta segunda-feira, 11, pelo Governo do Tocantins, com as assinaturas do Protocolo de Inten\u00e7\u00f5es para a contrata\u00e7\u00e3o de 50 brigadistas egressos e aberto do sistema prisional e tamb\u00e9m do Acordo de Coopera\u00e7\u00e3o T\u00e9cnica para implantar o Projeto Salvando [&hellip;]<\/p>\n","protected":false},"author":2,"featured_media":516,"comment_status":"open","ping_status":"open","sticky":false,"template":"","format":"standard","meta":[],"categories":[2,3],"tags":[],"_links":{"self":[{"href":"https:\/\/dgospel.com.br\/portal\/index.php\/wp-json\/wp\/v2\/posts\/515"}],"collection":[{"href":"https:\/\/dgospel.com.br\/portal\/index.php\/wp-json\/wp\/v2\/posts"}],"about":[{"href":"https:\/\/dgospel.com.br\/portal\/index.php\/wp-json\/wp\/v2\/types\/post"}],"author":[{"embeddable":true,"href":"https:\/\/dgospel.com.br\/portal\/index.php\/wp-json\/wp\/v2\/users\/2"}],"replies":[{"embeddable":true,"href":"https:\/\/dgospel.com.br\/portal\/index.php\/wp-json\/wp\/v2\/comments?post=515"}],"version-history":[{"count":1,"href":"https:\/\/dgospel.com.br\/portal\/index.php\/wp-json\/wp\/v2\/posts\/515\/revisions"}],"predecessor-version":[{"id":517,"href":"https:\/\/dgospel.com.br\/portal\/index.php\/wp-json\/wp\/v2\/posts\/515\/revisions\/517"}],"wp:featuredmedia":[{"embeddable":true,"href":"https:\/\/dgospel.com.br\/portal\/index.php\/wp-json\/wp\/v2\/media\/516"}],"wp:attachment":[{"href":"https:\/\/dgospel.com.br\/portal\/index.php\/wp-json\/wp\/v2\/media?parent=515"}],"wp:term":[{"taxonomy":"category","embeddable":true,"href":"https:\/\/dgospel.com.br\/portal\/index.php\/wp-json\/wp\/v2\/categories?post=515"},{"taxonomy":"post_tag","embeddable":true,"href":"https:\/\/dgospel.com.br\/portal\/index.php\/wp-json\/wp\/v2\/tags?post=515"}],"curies":[{"name":"wp","href":"https:\/\/api.w.org\/{rel}","templated":true}]}}