{"id":5159,"date":"2020-03-20T09:45:04","date_gmt":"2020-03-20T12:45:04","guid":{"rendered":"http:\/\/dgospel.com.br\/portal\/?p=5159"},"modified":"2020-03-20T09:45:06","modified_gmt":"2020-03-20T12:45:06","slug":"governador-carlesse-determina-aquisicao-de-cestas-basicas-para-familias-atingidas-por-enchentes-e-crise-do-coronavirus","status":"publish","type":"post","link":"https:\/\/dgospel.com.br\/portal\/index.php\/2020\/03\/20\/governador-carlesse-determina-aquisicao-de-cestas-basicas-para-familias-atingidas-por-enchentes-e-crise-do-coronavirus\/","title":{"rendered":"Governador Carlesse determina aquisi\u00e7\u00e3o de cestas b\u00e1sicas para fam\u00edlias atingidas por enchentes e crise do Coronav\u00edrus"},"content":{"rendered":"\n<p>O governador do Estado do Tocantins, Mauro Carlesse, determinou nesta quinta-feira, 19, a aquisi\u00e7\u00e3o de at\u00e9 200 mil cestas b\u00e1sicas visando atender as fam\u00edlias em situa\u00e7\u00e3o de vulnerabilidade social que foram atingidas pelas enchentes e tamb\u00e9m as afetadas pela crise causada pelo novo coronav\u00edrus. A inten\u00e7\u00e3o do governador Mauro Carlesse \u00e9 garantir a seguran\u00e7a alimentar de fam\u00edlias de baixo poder aquisitivo e que j\u00e1 est\u00e3o sendo afetadas em suas atividades de subsist\u00eancia.<\/p>\n\n\n\n<p>J\u00e1 nesta sexta-feira, 20, as primeiras 800 cestas b\u00e1sicas ser\u00e3o encaminhadas aos munic\u00edpios de Araguan\u00e3 e S\u00e3o Miguel do Tocantins, inclu\u00eddos tamb\u00e9m no Decreto de Emerg\u00eancia do governador Mauro Carlesse, devido \u00e0 regi\u00e3o ter sido afetada&nbsp;por enchentes. Para essas fam\u00edlias, a Defesa Civil tamb\u00e9m entregar\u00e1 barracas.<\/p>\n\n\n\n<p>As fam\u00edlias a serem atendidas ser\u00e3o as j\u00e1 cadastradas nos programas sociais e atingidas diretamente pelos fatos relacionados \u00e0s enchentes. E ainda, as fam\u00edlias prejudicadas pela pandemia do novo Coronav\u00edrus (Covid-19), que afetou diretamente suas atividades de subsist\u00eancia como: Agricultores familiares, feirantes, moradores de assentamentos rurais e artes\u00e3os, dentre outros.<\/p>\n\n\n\n<p>A entrega das cestas ser\u00e1 coordenada pela Secretaria de Estado do Trabalho e Desenvolvimento Social (Setas), pela Defesa Civil Estadual, pelo Corpo de Bombeiros Militar, pela Pol\u00edcia Militar e pelos Munic\u00edpios.<\/p>\n","protected":false},"excerpt":{"rendered":"<p>O governador do Estado do Tocantins, Mauro Carlesse, determinou nesta quinta-feira, 19, a aquisi\u00e7\u00e3o de at\u00e9 200 mil cestas b\u00e1sicas visando atender as fam\u00edlias em situa\u00e7\u00e3o de vulnerabilidade social que foram atingidas pelas enchentes e tamb\u00e9m as afetadas pela crise causada pelo novo coronav\u00edrus. A inten\u00e7\u00e3o do governador Mauro Carlesse \u00e9 garantir a seguran\u00e7a alimentar [&hellip;]<\/p>\n","protected":false},"author":2,"featured_media":5160,"comment_status":"open","ping_status":"open","sticky":false,"template":"","format":"standard","meta":[],"categories":[3],"tags":[],"_links":{"self":[{"href":"https:\/\/dgospel.com.br\/portal\/index.php\/wp-json\/wp\/v2\/posts\/5159"}],"collection":[{"href":"https:\/\/dgospel.com.br\/portal\/index.php\/wp-json\/wp\/v2\/posts"}],"about":[{"href":"https:\/\/dgospel.com.br\/portal\/index.php\/wp-json\/wp\/v2\/types\/post"}],"author":[{"embeddable":true,"href":"https:\/\/dgospel.com.br\/portal\/index.php\/wp-json\/wp\/v2\/users\/2"}],"replies":[{"embeddable":true,"href":"https:\/\/dgospel.com.br\/portal\/index.php\/wp-json\/wp\/v2\/comments?post=5159"}],"version-history":[{"count":1,"href":"https:\/\/dgospel.com.br\/portal\/index.php\/wp-json\/wp\/v2\/posts\/5159\/revisions"}],"predecessor-version":[{"id":5161,"href":"https:\/\/dgospel.com.br\/portal\/index.php\/wp-json\/wp\/v2\/posts\/5159\/revisions\/5161"}],"wp:featuredmedia":[{"embeddable":true,"href":"https:\/\/dgospel.com.br\/portal\/index.php\/wp-json\/wp\/v2\/media\/5160"}],"wp:attachment":[{"href":"https:\/\/dgospel.com.br\/portal\/index.php\/wp-json\/wp\/v2\/media?parent=5159"}],"wp:term":[{"taxonomy":"category","embeddable":true,"href":"https:\/\/dgospel.com.br\/portal\/index.php\/wp-json\/wp\/v2\/categories?post=5159"},{"taxonomy":"post_tag","embeddable":true,"href":"https:\/\/dgospel.com.br\/portal\/index.php\/wp-json\/wp\/v2\/tags?post=5159"}],"curies":[{"name":"wp","href":"https:\/\/api.w.org\/{rel}","templated":true}]}}