{"id":5162,"date":"2020-03-20T09:49:15","date_gmt":"2020-03-20T12:49:15","guid":{"rendered":"http:\/\/dgospel.com.br\/portal\/?p=5162"},"modified":"2020-03-20T09:49:17","modified_gmt":"2020-03-20T12:49:17","slug":"carlesse-determina-que-forcas-de-seguranca-do-estado-fiscalizem-cumprimento-de-decretos-sobre-o-novo-coronavirus","status":"publish","type":"post","link":"https:\/\/dgospel.com.br\/portal\/index.php\/2020\/03\/20\/carlesse-determina-que-forcas-de-seguranca-do-estado-fiscalizem-cumprimento-de-decretos-sobre-o-novo-coronavirus\/","title":{"rendered":"Carlesse determina que for\u00e7as de seguran\u00e7a do Estado fiscalizem cumprimento de decretos sobre o novo Coronav\u00edrus"},"content":{"rendered":"\n<p>O governador do Tocantins, Mauro Carlesse, determinou nesta quinta-feira, 19, que as for\u00e7as de seguran\u00e7a do Estado, de forma unificada, realizem fiscaliza\u00e7\u00f5es quanto ao cumprimento dos decretos que estabelecem normas de preven\u00e7\u00e3o ao v\u00edrus Covid-19 (novo Coronav\u00edrus) em \u00e2mbito estadual e municipal.<\/p>\n\n\n\n<p>No Tocantins, os decretos publicados pelo Governador nos \u00faltimos dias pro\u00edbem visita\u00e7\u00f5es em parques estaduais, nas Unidade de Conserva\u00e7\u00e3o (UCs), no Pal\u00e1cio Araguaia e no Museu Palacinho, em Palmas, al\u00e9m de suspens\u00e3o de todas as atividades educacionais nos estabelecimentos p\u00fablicos e privados. Tamb\u00e9m est\u00e3o suspensas as atividades em pra\u00e7as esportivas sob a gest\u00e3o do Poder P\u00fablico Estadual ou de propriedade deste, tais quais est\u00e1dios, gin\u00e1sios ou qualquer outra pra\u00e7a ou equipamento de uso compartilhado. As visita\u00e7\u00f5es aos custodiados no Sistema Prisional e Socioeducativo tamb\u00e9m foram proibidas.<\/p>\n\n\n\n<p>Al\u00e9m dos decretos editados pelo governador Mauro Carlesse, os munic\u00edpios tamb\u00e9m publicaram normas que visam proibir aglomera\u00e7\u00f5es de pessoas em locais p\u00fablicos, determinando, entre outros, o fechamento de shoppings, bares, academias e boates.<\/p>\n\n\n\n<p>Os respons\u00e1veis pelos \u00f3rg\u00e3os de seguran\u00e7a no Tocantins v\u00e3o se reunir nesta sexta-feira, 20, \u00e0s 9 horas, na Secretaria de Estado da Seguran\u00e7a P\u00fablica (SSP), para estabelecer o protocolo de atua\u00e7\u00e3o na Capital e no interior do Tocantins.<\/p>\n\n\n\n<p><strong>Entenda<\/strong><\/p>\n\n\n\n<p>No \u00faltimo dia 11 de mar\u00e7o, a Organiza\u00e7\u00e3o Mundial da Sa\u00fade (OMS) declarou pandemia do v\u00edrus Covid-19. O surto da doen\u00e7a, que come\u00e7ou no final de dezembro de 2019 na China, chegou recentemente ao Brasil, e ao Tocantins nessa quarta-feira, 18, quando foi confirmado o primeiro caso de uma paciente infectada com o novo Coronav\u00edrus.<\/p>\n\n\n\n<p>Isso levou o governador Mauro Carlesse a declarar Estado de Emerg\u00eancia no Tocantins. No cen\u00e1rio nacional, foi declarado Estado de Calamidade P\u00fablica.<\/p>\n","protected":false},"excerpt":{"rendered":"<p>O governador do Tocantins, Mauro Carlesse, determinou nesta quinta-feira, 19, que as for\u00e7as de seguran\u00e7a do Estado, de forma unificada, realizem fiscaliza\u00e7\u00f5es quanto ao cumprimento dos decretos que estabelecem normas de preven\u00e7\u00e3o ao v\u00edrus Covid-19 (novo Coronav\u00edrus) em \u00e2mbito estadual e municipal. No Tocantins, os decretos publicados pelo Governador nos \u00faltimos dias pro\u00edbem visita\u00e7\u00f5es em [&hellip;]<\/p>\n","protected":false},"author":2,"featured_media":5163,"comment_status":"open","ping_status":"open","sticky":false,"template":"","format":"standard","meta":[],"categories":[4],"tags":[],"_links":{"self":[{"href":"https:\/\/dgospel.com.br\/portal\/index.php\/wp-json\/wp\/v2\/posts\/5162"}],"collection":[{"href":"https:\/\/dgospel.com.br\/portal\/index.php\/wp-json\/wp\/v2\/posts"}],"about":[{"href":"https:\/\/dgospel.com.br\/portal\/index.php\/wp-json\/wp\/v2\/types\/post"}],"author":[{"embeddable":true,"href":"https:\/\/dgospel.com.br\/portal\/index.php\/wp-json\/wp\/v2\/users\/2"}],"replies":[{"embeddable":true,"href":"https:\/\/dgospel.com.br\/portal\/index.php\/wp-json\/wp\/v2\/comments?post=5162"}],"version-history":[{"count":1,"href":"https:\/\/dgospel.com.br\/portal\/index.php\/wp-json\/wp\/v2\/posts\/5162\/revisions"}],"predecessor-version":[{"id":5164,"href":"https:\/\/dgospel.com.br\/portal\/index.php\/wp-json\/wp\/v2\/posts\/5162\/revisions\/5164"}],"wp:featuredmedia":[{"embeddable":true,"href":"https:\/\/dgospel.com.br\/portal\/index.php\/wp-json\/wp\/v2\/media\/5163"}],"wp:attachment":[{"href":"https:\/\/dgospel.com.br\/portal\/index.php\/wp-json\/wp\/v2\/media?parent=5162"}],"wp:term":[{"taxonomy":"category","embeddable":true,"href":"https:\/\/dgospel.com.br\/portal\/index.php\/wp-json\/wp\/v2\/categories?post=5162"},{"taxonomy":"post_tag","embeddable":true,"href":"https:\/\/dgospel.com.br\/portal\/index.php\/wp-json\/wp\/v2\/tags?post=5162"}],"curies":[{"name":"wp","href":"https:\/\/api.w.org\/{rel}","templated":true}]}}