{"id":5165,"date":"2020-03-20T09:53:22","date_gmt":"2020-03-20T12:53:22","guid":{"rendered":"http:\/\/dgospel.com.br\/portal\/?p=5165"},"modified":"2020-03-20T09:53:23","modified_gmt":"2020-03-20T12:53:23","slug":"coronavirus-camara-aprova-estado-de-calamidade-publica","status":"publish","type":"post","link":"https:\/\/dgospel.com.br\/portal\/index.php\/2020\/03\/20\/coronavirus-camara-aprova-estado-de-calamidade-publica\/","title":{"rendered":"Coronav\u00edrus: C\u00e2mara aprova estado de calamidade p\u00fablica"},"content":{"rendered":"\n<p>A C\u00e2mara dos Deputados aprovou na noite de quarta-feira (18) o pedido do governo federal de reconhecer estado de calamidade p\u00fablica no Brasil por conta da crise do novo coronav\u00edrus. A proposta de decreto legislativo foi aprovada em vota\u00e7\u00e3o simb\u00f3lica e agora segue para o Senado Federal. Se publicado, o texto vai permitir maior flexibilidade nas contas p\u00fablicas para que o executivo possa realocar recursos.<\/p>\n\n\n\n<p>\u201cO objetivo \u00e9 permitir que o governo possa ter alternativas \u00e0s metas fiscais ao reconhecer o estado de calamidade p\u00fablica no Brasil. [O estado de calamidade p\u00fablica] permite o descumprimento das metas fiscais previstas na Lei de Responsabilidade Fiscal (LRF) e o governo passar\u00e1 tem condi\u00e7\u00f5es or\u00e7ament\u00e1rias e financeiras para fortalecer o SUS, que \u00e9 o principal instrumento para combater a expans\u00e3o da epidemia\u201d, explicou em plen\u00e1rio o deputado Orlando Silva (PCdoB-SP), relator do texto.<\/p>\n\n\n\n<p>Al\u00e9m da flexibiliza\u00e7\u00e3o or\u00e7ament\u00e1ria, o decreto legislativo criaria uma comiss\u00e3o mista composta por seis deputados e seis senadores para acompanhar as medidas do governo no combate ao coronav\u00edrus.<\/p>\n\n\n\n<p>Se aprovada, a situa\u00e7\u00e3o de calamidade p\u00fablica deve valer at\u00e9 o dia 31 de dezembro.<\/p>\n","protected":false},"excerpt":{"rendered":"<p>A C\u00e2mara dos Deputados aprovou na noite de quarta-feira (18) o pedido do governo federal de reconhecer estado de calamidade p\u00fablica no Brasil por conta da crise do novo coronav\u00edrus. A proposta de decreto legislativo foi aprovada em vota\u00e7\u00e3o simb\u00f3lica e agora segue para o Senado Federal. Se publicado, o texto vai permitir maior flexibilidade [&hellip;]<\/p>\n","protected":false},"author":2,"featured_media":5166,"comment_status":"open","ping_status":"open","sticky":false,"template":"","format":"standard","meta":[],"categories":[8,6],"tags":[],"_links":{"self":[{"href":"https:\/\/dgospel.com.br\/portal\/index.php\/wp-json\/wp\/v2\/posts\/5165"}],"collection":[{"href":"https:\/\/dgospel.com.br\/portal\/index.php\/wp-json\/wp\/v2\/posts"}],"about":[{"href":"https:\/\/dgospel.com.br\/portal\/index.php\/wp-json\/wp\/v2\/types\/post"}],"author":[{"embeddable":true,"href":"https:\/\/dgospel.com.br\/portal\/index.php\/wp-json\/wp\/v2\/users\/2"}],"replies":[{"embeddable":true,"href":"https:\/\/dgospel.com.br\/portal\/index.php\/wp-json\/wp\/v2\/comments?post=5165"}],"version-history":[{"count":1,"href":"https:\/\/dgospel.com.br\/portal\/index.php\/wp-json\/wp\/v2\/posts\/5165\/revisions"}],"predecessor-version":[{"id":5167,"href":"https:\/\/dgospel.com.br\/portal\/index.php\/wp-json\/wp\/v2\/posts\/5165\/revisions\/5167"}],"wp:featuredmedia":[{"embeddable":true,"href":"https:\/\/dgospel.com.br\/portal\/index.php\/wp-json\/wp\/v2\/media\/5166"}],"wp:attachment":[{"href":"https:\/\/dgospel.com.br\/portal\/index.php\/wp-json\/wp\/v2\/media?parent=5165"}],"wp:term":[{"taxonomy":"category","embeddable":true,"href":"https:\/\/dgospel.com.br\/portal\/index.php\/wp-json\/wp\/v2\/categories?post=5165"},{"taxonomy":"post_tag","embeddable":true,"href":"https:\/\/dgospel.com.br\/portal\/index.php\/wp-json\/wp\/v2\/tags?post=5165"}],"curies":[{"name":"wp","href":"https:\/\/api.w.org\/{rel}","templated":true}]}}