{"id":5168,"date":"2020-03-20T10:04:44","date_gmt":"2020-03-20T13:04:44","guid":{"rendered":"http:\/\/dgospel.com.br\/portal\/?p=5168"},"modified":"2020-03-20T10:04:45","modified_gmt":"2020-03-20T13:04:45","slug":"governo-anuncia-a-distribuicao-de-r-200-a-trabalhadores-autonomos","status":"publish","type":"post","link":"https:\/\/dgospel.com.br\/portal\/index.php\/2020\/03\/20\/governo-anuncia-a-distribuicao-de-r-200-a-trabalhadores-autonomos\/","title":{"rendered":"Governo anuncia a distribui\u00e7\u00e3o de R$ 200 a trabalhadores aut\u00f4nomos"},"content":{"rendered":"\n<figure class=\"wp-block-image\"><img loading=\"lazy\" width=\"1024\" height=\"684\" src=\"http:\/\/dgospel.com.br\/portal\/wp-content\/uploads\/2020\/03\/15588171-high-1024x684-1024x684.jpeg\" alt=\"\" class=\"wp-image-5170\" srcset=\"https:\/\/dgospel.com.br\/portal\/wp-content\/uploads\/2020\/03\/15588171-high-1024x684.jpeg 1024w, https:\/\/dgospel.com.br\/portal\/wp-content\/uploads\/2020\/03\/15588171-high-1024x684-300x200.jpeg 300w, https:\/\/dgospel.com.br\/portal\/wp-content\/uploads\/2020\/03\/15588171-high-1024x684-768x513.jpeg 768w\" sizes=\"(max-width: 1024px) 100vw, 1024px\" \/><\/figure>\n\n\n\n<p>\n\nO governo anunciou nesta quarta-feira (18) que vai repassar aux\u00edlio mensal de R$ 200 a profissionais aut\u00f4nomos durante a crise do novo coronav\u00edrus. Segundo o ministro da Economia, Paulo Guedes, a medida \u00e9 voltada para trabalhadores que n\u00e3o t\u00eam renda fixa.&nbsp;<\/p>\n\n\n\n<p>Essa a\u00e7\u00e3o faz parte do plano de combate ao coronav\u00edrus e est\u00e1 dentro do pacote de R$ 15 bilh\u00f5es voltados para \u201cpopula\u00e7\u00f5es desassistidas\u201d. Para que o montante seja liberado, o Congresso Nacional precisa reconhecer estado de calamidade p\u00fablica no Brasil, pedido pelo governo federal esta semana.<\/p>\n\n\n\n<p>Al\u00e9m da parte econ\u00f4mica, o ministro da Infraestrutura, Tarc\u00edsio Gomes de Freitas, anunciou medidas para minimizar o impacto provocado pela pandemia do novo coronav\u00edrus (Covid-19) no setor a\u00e9reo brasileiro. Entre elas, est\u00e3o a posterga\u00e7\u00e3o do recolhimento das tarifas de navega\u00e7\u00e3o a\u00e9rea, adiamento do pagamento das outorgas aeroportu\u00e1rias sem cobran\u00e7a de multas e prorroga\u00e7\u00e3o das obriga\u00e7\u00f5es de reembolso das empresas a\u00e9reas.\n\n<\/p>\n","protected":false},"excerpt":{"rendered":"<p>O governo anunciou nesta quarta-feira (18) que vai repassar aux\u00edlio mensal de R$ 200 a profissionais aut\u00f4nomos durante a crise do novo coronav\u00edrus. Segundo o ministro da Economia, Paulo Guedes, a medida \u00e9 voltada para trabalhadores que n\u00e3o t\u00eam renda fixa.&nbsp; Essa a\u00e7\u00e3o faz parte do plano de combate ao coronav\u00edrus e est\u00e1 dentro do [&hellip;]<\/p>\n","protected":false},"author":2,"featured_media":5169,"comment_status":"open","ping_status":"open","sticky":false,"template":"","format":"standard","meta":[],"categories":[6,4],"tags":[],"_links":{"self":[{"href":"https:\/\/dgospel.com.br\/portal\/index.php\/wp-json\/wp\/v2\/posts\/5168"}],"collection":[{"href":"https:\/\/dgospel.com.br\/portal\/index.php\/wp-json\/wp\/v2\/posts"}],"about":[{"href":"https:\/\/dgospel.com.br\/portal\/index.php\/wp-json\/wp\/v2\/types\/post"}],"author":[{"embeddable":true,"href":"https:\/\/dgospel.com.br\/portal\/index.php\/wp-json\/wp\/v2\/users\/2"}],"replies":[{"embeddable":true,"href":"https:\/\/dgospel.com.br\/portal\/index.php\/wp-json\/wp\/v2\/comments?post=5168"}],"version-history":[{"count":1,"href":"https:\/\/dgospel.com.br\/portal\/index.php\/wp-json\/wp\/v2\/posts\/5168\/revisions"}],"predecessor-version":[{"id":5171,"href":"https:\/\/dgospel.com.br\/portal\/index.php\/wp-json\/wp\/v2\/posts\/5168\/revisions\/5171"}],"wp:featuredmedia":[{"embeddable":true,"href":"https:\/\/dgospel.com.br\/portal\/index.php\/wp-json\/wp\/v2\/media\/5169"}],"wp:attachment":[{"href":"https:\/\/dgospel.com.br\/portal\/index.php\/wp-json\/wp\/v2\/media?parent=5168"}],"wp:term":[{"taxonomy":"category","embeddable":true,"href":"https:\/\/dgospel.com.br\/portal\/index.php\/wp-json\/wp\/v2\/categories?post=5168"},{"taxonomy":"post_tag","embeddable":true,"href":"https:\/\/dgospel.com.br\/portal\/index.php\/wp-json\/wp\/v2\/tags?post=5168"}],"curies":[{"name":"wp","href":"https:\/\/api.w.org\/{rel}","templated":true}]}}