{"id":5178,"date":"2020-03-20T12:32:54","date_gmt":"2020-03-20T15:32:54","guid":{"rendered":"http:\/\/dgospel.com.br\/portal\/?p=5178"},"modified":"2020-03-20T12:32:56","modified_gmt":"2020-03-20T15:32:56","slug":"saiba-quais-estabelecimentos-terao-atendimentos-suspensos-em-palmas","status":"publish","type":"post","link":"https:\/\/dgospel.com.br\/portal\/index.php\/2020\/03\/20\/saiba-quais-estabelecimentos-terao-atendimentos-suspensos-em-palmas\/","title":{"rendered":"Saiba quais estabelecimentos ter\u00e3o atendimentos suspensos em Palmas"},"content":{"rendered":"\n<p>\n\nO&nbsp;<a rel=\"noreferrer noopener\" target=\"_blank\" href=\"http:\/\/diariooficial.palmas.to.gov.br\/media\/diario\/2453-18-3-2020-23-20-35.pdf\">Decreto de N\u00b0 1.859\/2020<\/a>&nbsp;assinado pela prefeita de Palmas Cinthia Ribeiro imp\u00f5e medidas de suspens\u00e3o a serem tomadas aos propriet\u00e1rios dos estabelecimentos comerciais da Capital para preven\u00e7\u00e3o e evitar a prolifera\u00e7\u00e3o do novo coronav\u00edrus. A medida que torna p\u00fablico a suspens\u00e3o de atividades com potencial de aglomera\u00e7\u00e3o de pessoas come\u00e7ou a valer a partir desta quarta-feira, dia 18.&nbsp;<\/p>\n\n\n\n<p>A nova normativa enrijece e altera o \u00faltimo decreto que declarou a situa\u00e7\u00e3o de emerg\u00eancia em sa\u00fade p\u00fablica no munic\u00edpio de Palmas e disp\u00f5e ainda sobre as novas medidas de enfrentamento da pandemia provocada pelo coronav\u00edrus. A reformula\u00e7\u00e3o se fez necess\u00e1ria ap\u00f3s a confirma\u00e7\u00e3o pelo Centro de Opera\u00e7\u00f5es de Emerg\u00eancia em Sa\u00fade (COE-Palmas COVID-19) do primeiro caso detectado de infec\u00e7\u00e3o na Capital.&nbsp;<\/p>\n\n\n\n<p>Durante entrevista coletiva, realizada na noite desta quarta-feira, 18, com a participa\u00e7\u00e3o do secret\u00e1rio de Sa\u00fade Daniel Borini e da Diretora de Vigil\u00e2ncia em Sa\u00fade da Secretaria Municipal de Sa\u00fade, Marta Malheirosa, a Prefeita Cinthia Ribeiro, lembrou que esse momento \u00e9 in\u00e9dito e cr\u00edtico, e requer a uni\u00e3o de todos os entes que comp\u00f5em a sociedade organizada, para refor\u00e7ar as medidas de preven\u00e7\u00e3o e impedir o cont\u00e1gio social do novo coronav\u00edrus.&nbsp;<\/p>\n\n\n\n<p><strong>Servi\u00e7os Suspensos&nbsp;<\/strong><br>De acordo com o decreto ficam suspensas por tempo indeterminado as atividades:&nbsp; &nbsp;em feiras livres; shopping centers e estabelecimentos situados em galerias ou polos comerciais de rua; em cinemas, clubes, academias, bares, restaurantes, boates, teatros, casas de espet\u00e1culos e casas de eventos. Al\u00e9m das aulas nas escolas particulares e os atendimentos de sa\u00fade p\u00fablica bucal\/odontol\u00f3gica, exceto aquelas relacionadas ao atendimento de urg\u00eancias e emerg\u00eancias.<\/p>\n\n\n\n<p>Ficam suspensos ainda eventos, reuni\u00f5es e\/ou atividades sujeitas a aglomera\u00e7\u00e3o de pessoas, sejam elas governamentais, art\u00edsticas, esportivas e cient\u00edficas do setor p\u00fablico, sendo as medidas adotadas recomendadas ao setor privado, somando-se as atividades comerciais e as reuni\u00f5es religiosas.&nbsp;<\/p>\n\n\n\n<p><strong>Educa\u00e7\u00e3o<\/strong><br>Continuam suspensas por tempo indeterminado tamb\u00e9m as aulas na rede p\u00fablica de ensino municipais e nos centros municipais de educa\u00e7\u00e3o infantil.&nbsp;<\/p>\n\n\n\n<p><strong>Servi\u00e7os Liberados<\/strong><br>N\u00e3o se incluem nas suspens\u00f5es da normativa municipal os estabelecimentos m\u00e9dicos, hospitalares, unidades de sa\u00fade, laborat\u00f3rios de an\u00e1lises cl\u00ednicas, farmac\u00eauticos, psicol\u00f3gicos, cl\u00ednicas de fisioterapia e de vacina\u00e7\u00e3o, distribuidoras e revendedoras de g\u00e1s, postos de combust\u00edveis, supermercados e cong\u00eaneres.<\/p>\n\n\n\n<p>O decreto tamb\u00e9m estabelece que os estabelecimentos que possuem estrutura para atender os clientes com entrega em domic\u00edlio, via delivery ou disponibilizar a retirada no local de alimentos prontos ou produtos embalados para o consumo podem exercer esse tipo de servi\u00e7o sem altera\u00e7\u00f5es.&nbsp;&nbsp;\n\n<\/p>\n","protected":false},"excerpt":{"rendered":"<p>O&nbsp;Decreto de N\u00b0 1.859\/2020&nbsp;assinado pela prefeita de Palmas Cinthia Ribeiro imp\u00f5e medidas de suspens\u00e3o a serem tomadas aos propriet\u00e1rios dos estabelecimentos comerciais da Capital para preven\u00e7\u00e3o e evitar a prolifera\u00e7\u00e3o do novo coronav\u00edrus. A medida que torna p\u00fablico a suspens\u00e3o de atividades com potencial de aglomera\u00e7\u00e3o de pessoas come\u00e7ou a valer a partir desta quarta-feira, [&hellip;]<\/p>\n","protected":false},"author":2,"featured_media":5179,"comment_status":"open","ping_status":"open","sticky":false,"template":"","format":"standard","meta":[],"categories":[4],"tags":[],"_links":{"self":[{"href":"https:\/\/dgospel.com.br\/portal\/index.php\/wp-json\/wp\/v2\/posts\/5178"}],"collection":[{"href":"https:\/\/dgospel.com.br\/portal\/index.php\/wp-json\/wp\/v2\/posts"}],"about":[{"href":"https:\/\/dgospel.com.br\/portal\/index.php\/wp-json\/wp\/v2\/types\/post"}],"author":[{"embeddable":true,"href":"https:\/\/dgospel.com.br\/portal\/index.php\/wp-json\/wp\/v2\/users\/2"}],"replies":[{"embeddable":true,"href":"https:\/\/dgospel.com.br\/portal\/index.php\/wp-json\/wp\/v2\/comments?post=5178"}],"version-history":[{"count":1,"href":"https:\/\/dgospel.com.br\/portal\/index.php\/wp-json\/wp\/v2\/posts\/5178\/revisions"}],"predecessor-version":[{"id":5180,"href":"https:\/\/dgospel.com.br\/portal\/index.php\/wp-json\/wp\/v2\/posts\/5178\/revisions\/5180"}],"wp:featuredmedia":[{"embeddable":true,"href":"https:\/\/dgospel.com.br\/portal\/index.php\/wp-json\/wp\/v2\/media\/5179"}],"wp:attachment":[{"href":"https:\/\/dgospel.com.br\/portal\/index.php\/wp-json\/wp\/v2\/media?parent=5178"}],"wp:term":[{"taxonomy":"category","embeddable":true,"href":"https:\/\/dgospel.com.br\/portal\/index.php\/wp-json\/wp\/v2\/categories?post=5178"},{"taxonomy":"post_tag","embeddable":true,"href":"https:\/\/dgospel.com.br\/portal\/index.php\/wp-json\/wp\/v2\/tags?post=5178"}],"curies":[{"name":"wp","href":"https:\/\/api.w.org\/{rel}","templated":true}]}}