{"id":5181,"date":"2020-03-20T12:35:33","date_gmt":"2020-03-20T15:35:33","guid":{"rendered":"http:\/\/dgospel.com.br\/portal\/?p=5181"},"modified":"2020-03-20T12:35:35","modified_gmt":"2020-03-20T15:35:35","slug":"coronavirus-visitacao-do-publico-no-parque-cesamar-e-suspensa-por-tempo-indeterminado","status":"publish","type":"post","link":"https:\/\/dgospel.com.br\/portal\/index.php\/2020\/03\/20\/coronavirus-visitacao-do-publico-no-parque-cesamar-e-suspensa-por-tempo-indeterminado\/","title":{"rendered":"Coronav\u00edrus: Visita\u00e7\u00e3o do p\u00fablico no Parque Cesamar \u00e9 suspensa por tempo indeterminado"},"content":{"rendered":"\n<p>Como parte das medidas para evitar a contamina\u00e7\u00e3o e transmiss\u00e3o do coronav\u00edrus, o Parque Cesamar est\u00e1 fechado para visita\u00e7\u00e3o do p\u00fablico por tempo indeterminado. A interdi\u00e7\u00e3o iniciou nesta quinta-feira, 19, e segue as recomenda\u00e7\u00f5es do Decreto N\u00ba 1.859\/2020, que entre outras coisas, trata tamb\u00e9m da suspens\u00e3o das atividades com potencial de aglomera\u00e7\u00e3o de pessoas no Munic\u00edpio.<\/p>\n\n\n\n<p>A a\u00e7\u00e3o se faz necess\u00e1rio uma vez que, o Parque Cesamar recebe diariamente milhares de pessoas e atende aos crit\u00e9rios de risco social de acordo com as orienta\u00e7\u00f5es do Centro de Opera\u00e7\u00f5es de Emerg\u00eancia em Sa\u00fade (COE-Palmas Covid-19).&nbsp;<\/p>\n\n\n\n<p>Essa medida vale tamb\u00e9m para que as pessoas se conscientizem e n\u00e3o fa\u00e7am uso&nbsp; dos equipamentos p\u00fablicos nos parques e nas pra\u00e7as espalhadas por toda Capital. O alerta soma-se \u00e0s outras diretrizes adotadas que tem como o objetivo restringir a circula\u00e7\u00e3o de pessoas e frear a velocidade de transmiss\u00e3o do coronav\u00edrus (COVID-19) em Palmas.&nbsp;<\/p>\n","protected":false},"excerpt":{"rendered":"<p>Como parte das medidas para evitar a contamina\u00e7\u00e3o e transmiss\u00e3o do coronav\u00edrus, o Parque Cesamar est\u00e1 fechado para visita\u00e7\u00e3o do p\u00fablico por tempo indeterminado. A interdi\u00e7\u00e3o iniciou nesta quinta-feira, 19, e segue as recomenda\u00e7\u00f5es do Decreto N\u00ba 1.859\/2020, que entre outras coisas, trata tamb\u00e9m da suspens\u00e3o das atividades com potencial de aglomera\u00e7\u00e3o de pessoas no [&hellip;]<\/p>\n","protected":false},"author":2,"featured_media":5182,"comment_status":"open","ping_status":"open","sticky":false,"template":"","format":"standard","meta":[],"categories":[3,10],"tags":[],"_links":{"self":[{"href":"https:\/\/dgospel.com.br\/portal\/index.php\/wp-json\/wp\/v2\/posts\/5181"}],"collection":[{"href":"https:\/\/dgospel.com.br\/portal\/index.php\/wp-json\/wp\/v2\/posts"}],"about":[{"href":"https:\/\/dgospel.com.br\/portal\/index.php\/wp-json\/wp\/v2\/types\/post"}],"author":[{"embeddable":true,"href":"https:\/\/dgospel.com.br\/portal\/index.php\/wp-json\/wp\/v2\/users\/2"}],"replies":[{"embeddable":true,"href":"https:\/\/dgospel.com.br\/portal\/index.php\/wp-json\/wp\/v2\/comments?post=5181"}],"version-history":[{"count":1,"href":"https:\/\/dgospel.com.br\/portal\/index.php\/wp-json\/wp\/v2\/posts\/5181\/revisions"}],"predecessor-version":[{"id":5183,"href":"https:\/\/dgospel.com.br\/portal\/index.php\/wp-json\/wp\/v2\/posts\/5181\/revisions\/5183"}],"wp:featuredmedia":[{"embeddable":true,"href":"https:\/\/dgospel.com.br\/portal\/index.php\/wp-json\/wp\/v2\/media\/5182"}],"wp:attachment":[{"href":"https:\/\/dgospel.com.br\/portal\/index.php\/wp-json\/wp\/v2\/media?parent=5181"}],"wp:term":[{"taxonomy":"category","embeddable":true,"href":"https:\/\/dgospel.com.br\/portal\/index.php\/wp-json\/wp\/v2\/categories?post=5181"},{"taxonomy":"post_tag","embeddable":true,"href":"https:\/\/dgospel.com.br\/portal\/index.php\/wp-json\/wp\/v2\/tags?post=5181"}],"curies":[{"name":"wp","href":"https:\/\/api.w.org\/{rel}","templated":true}]}}