{"id":5184,"date":"2020-03-20T12:37:38","date_gmt":"2020-03-20T15:37:38","guid":{"rendered":"http:\/\/dgospel.com.br\/portal\/?p=5184"},"modified":"2020-03-20T12:37:40","modified_gmt":"2020-03-20T15:37:40","slug":"boletim-epidemiologico-do-coronavirus-45-casos-suspeitos-sao-investigados-na-capital","status":"publish","type":"post","link":"https:\/\/dgospel.com.br\/portal\/index.php\/2020\/03\/20\/boletim-epidemiologico-do-coronavirus-45-casos-suspeitos-sao-investigados-na-capital\/","title":{"rendered":"Boletim Epidemiol\u00f3gico do Coronav\u00edrus: 45 casos suspeitos s\u00e3o investigados na Capital"},"content":{"rendered":"\n<p>No per\u00edodo de 28 de fevereiro a 19 de mar\u00e7o de 2020, \u00e0s 12h, foram notificados \u00e0 Secretaria Municipal de Sa\u00fade de Palmas 58 casos suspeitos de COVID-19, confirmados 1 (um), descartados 12 (doze) e em investiga\u00e7\u00e3o, 45 (quarenta e cinco). Caso descartado \u00e9 aquele que apresenta confirma\u00e7\u00e3o laboratorial para outro agente etiol\u00f3gico ou n\u00e3o se enquadra nos crit\u00e9rios definidos pelo Minist\u00e9rio da Sa\u00fade.<\/p>\n\n\n\n<p><strong>Decreto disp\u00f5e sobre medidas de enfrentamento \u00e0 pandemia<\/strong><\/p>\n\n\n\n<p>Como medida de conten\u00e7\u00e3o do avan\u00e7o do coronav\u00edrus (Covid-19), a prefeita Cinthia Ribeiro baixou o decreto N\u00ba 1.859, de 18 de mar\u00e7o de 2020, que altera o Decreto n\u00b0 1.856, de 14 de mar\u00e7o de 2020, que declara situa\u00e7\u00e3o de emerg\u00eancia em sa\u00fade p\u00fablica no munic\u00edpio de Palmas e disp\u00f5e sobre medidas de enfrentamento da pandemia provocada pelo coronav\u00edrus.<\/p>\n\n\n\n<p>O decreto institui que ficam suspensas por tempo indeterminado as atividades:&nbsp; em feiras livres; em shopping centers e estabelecimentos situados em galerias ou polos comerciais de rua; em cinemas, clubes, academias, bares, restaurantes, boates, teatros, casas de espet\u00e1culos e casas de eventos; de sa\u00fade p\u00fablica bucal\/odontol\u00f3gica, exceto aquelas relacionadas ao atendimento de urg\u00eancias e emerg\u00eancias; em escolas particulares.<\/p>\n\n\n\n<p>A suspens\u00e3o abrange tamb\u00e9m eventos, reuni\u00f5es e\/ou atividades sujeitas a aglomera\u00e7\u00e3o de pessoas de pessoas, sejam elas governamentais, art\u00edsticas, esportivas e cient\u00edficas do setor p\u00fablico, sendo as medidas adotadas recomendadas ao setor privado, somando-se as atividades comerciais e religiosas. Suspende ainda eventos anteriormente autorizados pela Administra\u00e7\u00e3o Municipal e, enquanto perdurar a emerg\u00eancia, estar\u00e1 suspensa a emiss\u00e3o de novos alvar\u00e1s e cancelados aqueles porventura emitidos.<\/p>\n\n\n\n<p>&nbsp;N\u00e3o se incluem nas suspens\u00f5es os estabelecimentos m\u00e9dicos, hospitalares, unidades de sa\u00fade, laborat\u00f3rios de an\u00e1lises cl\u00ednicas, farmac\u00eauticos, psicol\u00f3gicos, cl\u00ednicas de fisioterapia e de vacina\u00e7\u00e3o, distribuidoras e revendedoras de g\u00e1s, postos de combust\u00edveis, supermercados e cong\u00eaneres,<\/p>\n\n\n\n<p><strong>Outras a\u00e7\u00f5es<\/strong><\/p>\n\n\n\n<p>A Secretaria Municipal de Sa\u00fade atualizou a 3\u00aa vers\u00e3o do Plano de Conting\u00eancia do Munic\u00edpio de Palmas para infec\u00e7\u00e3o humana para o Convid-19. Realizou tamb\u00e9m webconfer\u00eancia para profissionais da sa\u00fade da rede p\u00fablica e privada sobre a Convid-19.<strong><\/strong><\/p>\n\n\n\n<p><strong>Como proceder em casos suspeitos da Covid-19<\/strong><\/p>\n\n\n\n<p><strong>Viajante<\/strong>&nbsp;| pessoa que, nos \u00faltimos 14 dias, retornou de viagem internacional de qualquer pa\u00eds e apresente febre e pelo menos um dos sinais ou sintomas respirat\u00f3rios &#8211; tosse, dificuldade para respirar, produ\u00e7\u00e3o de escarro, congest\u00e3o nasal ou conjuntival, dificuldade para deglutir, dor de garganta, coriza, sinais de cianose, batimento de asa de nariz, tiragem intercostal e dispneia.<\/p>\n\n\n\n<p><strong>Contato pr\u00f3ximo<\/strong>&nbsp;| pessoa que, nos \u00faltimos 14 dias, teve contato pr\u00f3ximo de caso suspeito ou confirmado para Covid-19 e apresente febre ou pelo menos um sinal ou sintoma respirat\u00f3rio, tosse, dificuldade para respirar, produ\u00e7\u00e3o de escarro, congest\u00e3o nasal ou conjuntival, dificuldade para deglutir, dor de garganta, coriza, sinais de cianose, batimento de asa de nariz, tiragem intercostal e dispneia).<\/p>\n\n\n\n<p><strong>Caso prov\u00e1vel de doen\u00e7a pelo coronav\u00edrus (Covid-19)<\/strong><\/p>\n\n\n\n<p>Contato domiciliar &#8211; pessoa que, nos \u00faltimos 14 dias, resida ou trabalhe no domic\u00edlio de caso suspeito ou confirmado para Covid-19 e apresente febre ou pelo menos um sinal ou sintoma respirat\u00f3rio, tosse, dificuldade para respirar, produ\u00e7\u00e3o de escarro, congest\u00e3o nasal ou conjuntival, dificuldade para deglutir, dor de garganta, coriza, sinais de cianose, batimento de asa de nariz, tiragem intercostal e dispneia, ou outros sinais e sintomas inespec\u00edficos como fadiga, mialgia\/artralgia, dor de cabe\u00e7a, calafrios, g\u00e2nglios linf\u00e1ticos aumentados, diarreia, n\u00e1usea, v\u00f4mito, desidrata\u00e7\u00e3o e inapet\u00eancia.<\/p>\n\n\n\n<p><strong>Defini\u00e7\u00f5es e observa\u00e7\u00f5es<\/strong><\/p>\n\n\n\n<p>Alerta-se que a febre (considera-se febre temperatura acima de 37,8\u00ba) pode n\u00e3o estar presente em alguns casos como, por exemplo: em pacientes jovens, idosos, imunossuprimidos ou que em algumas situa\u00e7\u00f5es possam ter utilizado medicamento antit\u00e9rmico. Nessas situa\u00e7\u00f5es, a avalia\u00e7\u00e3o cl\u00ednica deve ser levada em considera\u00e7\u00e3o e a decis\u00e3o deve ser registrada na ficha de notifica\u00e7\u00e3o.<\/p>\n\n\n\n<p><strong>Medidas de preven\u00e7\u00e3o<\/strong><\/p>\n\n\n\n<p>Para evitar a prolifera\u00e7\u00e3o do v\u00edrus, o Minist\u00e9rio da Sa\u00fade recomenda medidas b\u00e1sicas de higiene, como lavar bem as m\u00e3os (dedos, unhas, punho, palma e dorso) com \u00e1gua e sab\u00e3o, e, de prefer\u00eancia, utilizar toalhas de papel para sec\u00e1-las.<\/p>\n\n\n\n<p>Al\u00e9m do sab\u00e3o, outro produto indicado para higienizar as m\u00e3os \u00e9 o \u00e1lcool gel, que tamb\u00e9m serve para limpar objetos como telefones, teclados, cadeiras, ma\u00e7anetas, etc. Para a limpeza dom\u00e9stica recomenda-se a utiliza\u00e7\u00e3o dos produtos usuais, dando prefer\u00eancia para o uso da \u00e1gua sanit\u00e1ria (em uma solu\u00e7\u00e3o de uma parte de \u00e1gua sanit\u00e1ria para nove partes de \u00e1gua) para desinfetar superf\u00edcies.<\/p>\n\n\n\n<p>Utilizar len\u00e7o descart\u00e1vel para higiene nasal \u00e9 outra medida de preven\u00e7\u00e3o importante. Deve-se cobrir o nariz e a boca com um len\u00e7o de papel quando espirrar ou tossir e jog\u00e1-lo no lixo. Tamb\u00e9m \u00e9 necess\u00e1rio evitar tocar olhos, nariz e boca sem que as m\u00e3os estejam limpas.<\/p>\n\n\n\n<p>Al\u00e9m disso, as m\u00e1scaras faciais descart\u00e1veis devem ser utilizadas por profissionais da sa\u00fade, cuidadores de idosos, m\u00e3es que est\u00e3o amamentando e pessoas diagnosticadas com o coronav\u00edrus.<\/p>\n\n\n\n<p><strong>Principais a\u00e7\u00f5es desenvolvidas at\u00e9 o momento<\/strong><\/p>\n\n\n\n<p>Publica\u00e7\u00e3o do Decreto N\u00ba 1856, de 14 de mar\u00e7o de 2020 que declara Situa\u00e7\u00e3o de emerg\u00eancia em Sa\u00fade P\u00fablica no munic\u00edpio de Palmas e disp\u00f5e sobre medidas de enfrentamento da pandemia provocada pelo coronav\u00edrus (COVID-19), previstas na Lei Federal n\u00ba 13.979 de 06 de fevereiro de 2020.<\/p>\n\n\n\n<p>Ativa\u00e7\u00e3o do Centro de Opera\u00e7\u00f5es de Emerg\u00eancia em Sa\u00fade (COE-Palmas Covid-19).<\/p>\n\n\n\n<p>Reuni\u00e3o di\u00e1ria da equipe do COE para acompanhamento da situa\u00e7\u00e3o epidemiol\u00f3gica, avalia\u00e7\u00e3o das atividades desenvolvidas e defini\u00e7\u00e3o de encaminhamentos.<\/p>\n\n\n\n<p>Divulga\u00e7\u00e3o de informa\u00e7\u00f5es epidemiol\u00f3gicas, por meio de boletim disponibilizado atrav\u00e9s do site da Prefeitura de Palmas.<\/p>\n\n\n\n<p>Investiga\u00e7\u00e3o epidemiol\u00f3gica e hospitalar dos casos suspeitos, bem como dos contatos.<\/p>\n\n\n\n<p>Revis\u00e3o constante dos Protocolos e do Plano de Conting\u00eancia para emerg\u00eancia em sa\u00fade p\u00fablica pela infec\u00e7\u00e3o humana pelo novo Coronav\u00edrus (Covid-19), em alinhamento com as diretrizes nacionais, com ampla divulga\u00e7\u00e3o.<\/p>\n\n\n\n<p>Reuni\u00e3o de Comit\u00ea de Monitoramento de Eventos com pauta para atualiza\u00e7\u00e3o da situa\u00e7\u00e3o da Covid-19 em Palmas, no Tocantins, no Brasil e no mundo (nas ter\u00e7as-feiras \u00e9 a Reuni\u00e3o CME Estadual e nas quintas-feiras \u00e9 a Reuni\u00e3o CME Municipal).<\/p>\n\n\n\n<p>Capacita\u00e7\u00e3o dos profissionais da rede municipal de sa\u00fade (profissionais urg\u00eancia e emerg\u00eancia; aten\u00e7\u00e3o prim\u00e1ria), e da rede privada (n\u00facleos de vigil\u00e2ncia dos servi\u00e7os, laborat\u00f3rios) quanto ao atendimento e orienta\u00e7\u00e3o de condutas em casos suspeitos de Covid-19.<\/p>\n\n\n\n<p>A\u00e7\u00e3o integrada e educativa com os profissionais da Educa\u00e7\u00e3o (72 diretores das escolas municipais).<\/p>\n\n\n\n<p>Orienta\u00e7\u00e3o quanto \u00e0 limpeza e cuidados com o transporte p\u00fablico<\/p>\n","protected":false},"excerpt":{"rendered":"<p>No per\u00edodo de 28 de fevereiro a 19 de mar\u00e7o de 2020, \u00e0s 12h, foram notificados \u00e0 Secretaria Municipal de Sa\u00fade de Palmas 58 casos suspeitos de COVID-19, confirmados 1 (um), descartados 12 (doze) e em investiga\u00e7\u00e3o, 45 (quarenta e cinco). Caso descartado \u00e9 aquele que apresenta confirma\u00e7\u00e3o laboratorial para outro agente etiol\u00f3gico ou n\u00e3o [&hellip;]<\/p>\n","protected":false},"author":2,"featured_media":5185,"comment_status":"open","ping_status":"open","sticky":false,"template":"","format":"standard","meta":[],"categories":[3],"tags":[],"_links":{"self":[{"href":"https:\/\/dgospel.com.br\/portal\/index.php\/wp-json\/wp\/v2\/posts\/5184"}],"collection":[{"href":"https:\/\/dgospel.com.br\/portal\/index.php\/wp-json\/wp\/v2\/posts"}],"about":[{"href":"https:\/\/dgospel.com.br\/portal\/index.php\/wp-json\/wp\/v2\/types\/post"}],"author":[{"embeddable":true,"href":"https:\/\/dgospel.com.br\/portal\/index.php\/wp-json\/wp\/v2\/users\/2"}],"replies":[{"embeddable":true,"href":"https:\/\/dgospel.com.br\/portal\/index.php\/wp-json\/wp\/v2\/comments?post=5184"}],"version-history":[{"count":1,"href":"https:\/\/dgospel.com.br\/portal\/index.php\/wp-json\/wp\/v2\/posts\/5184\/revisions"}],"predecessor-version":[{"id":5186,"href":"https:\/\/dgospel.com.br\/portal\/index.php\/wp-json\/wp\/v2\/posts\/5184\/revisions\/5186"}],"wp:featuredmedia":[{"embeddable":true,"href":"https:\/\/dgospel.com.br\/portal\/index.php\/wp-json\/wp\/v2\/media\/5185"}],"wp:attachment":[{"href":"https:\/\/dgospel.com.br\/portal\/index.php\/wp-json\/wp\/v2\/media?parent=5184"}],"wp:term":[{"taxonomy":"category","embeddable":true,"href":"https:\/\/dgospel.com.br\/portal\/index.php\/wp-json\/wp\/v2\/categories?post=5184"},{"taxonomy":"post_tag","embeddable":true,"href":"https:\/\/dgospel.com.br\/portal\/index.php\/wp-json\/wp\/v2\/tags?post=5184"}],"curies":[{"name":"wp","href":"https:\/\/api.w.org\/{rel}","templated":true}]}}