{"id":5187,"date":"2020-03-20T18:12:39","date_gmt":"2020-03-20T21:12:39","guid":{"rendered":"http:\/\/dgospel.com.br\/portal\/?p=5187"},"modified":"2020-03-20T18:12:40","modified_gmt":"2020-03-20T21:12:40","slug":"forcas-de-seguranca-definem-acoes-para-cumprimentos-de-decretos-que-visam-a-prevencao-ao-novo-coronavirus-no-to","status":"publish","type":"post","link":"https:\/\/dgospel.com.br\/portal\/index.php\/2020\/03\/20\/forcas-de-seguranca-definem-acoes-para-cumprimentos-de-decretos-que-visam-a-prevencao-ao-novo-coronavirus-no-to\/","title":{"rendered":"For\u00e7as de Seguran\u00e7a definem a\u00e7\u00f5es para cumprimentos de decretos que visam a preven\u00e7\u00e3o ao novo Coronav\u00edrus no TO"},"content":{"rendered":"\n<p>Ap\u00f3s determina\u00e7\u00e3o do governador do Tocantins, Mauro Carlesse, representantes da Pol\u00edcia Militar (PM), da Pol\u00edcia Civil (PC) e do Corpo de Bombeiros Militar (CBM) se reuniram nesta sexta-feira, 20, na sede da Secretaria de Estado da Seguran\u00e7a P\u00fablica (SSP), em Palmas, para constituir a\u00e7\u00f5es diretivas de atua\u00e7\u00e3o referente \u00e0 fiscaliza\u00e7\u00e3o do cumprimento de decretos publicados em \u00e2mbito estadual e municipal, que objetivam conter a prolifera\u00e7\u00e3o no Tocantins da Covid-19 causada pelo novo Coronav\u00edrus.<\/p>\n\n\n\n<p>Durante a reuni\u00e3o, ficou definido que as a\u00e7\u00f5es ser\u00e3o planejadas e executadas pelos respons\u00e1veis regionais das For\u00e7as de Seguran\u00e7a em cada uma das Regi\u00f5es Integradas de Seguran\u00e7a P\u00fablica (RISP). Para isso, grupos de WhatsApp compostos com representantes da Pol\u00edcia Militar (PM), Pol\u00edcia Civil (PC) e Corpo de Bombeiros Militar &nbsp;(CBM), al\u00e9m das guardas municipais, ser\u00e3o criados para ajudar no monitoramento e fiscaliza\u00e7\u00e3o dos decretos.<\/p>\n\n\n\n<p>No interior do Estado, os grupos contar\u00e3o com delegados regionais, comandantes de batalh\u00e3o (PM, CBM, e dos munic\u00edpios, onde houver), e representantes da \u00e1rea de Intelig\u00eancia policial, al\u00e9m do Comando de Policiamento do Interior (CPI), da Diretoria de Pol\u00edcia do Interior (DPI), do Comando de Opera\u00e7\u00f5es do CBM, e de pessoas que os coordenadores julguem \u00fateis para ajudar no cumprimento das a\u00e7\u00f5es.<\/p>\n\n\n\n<p>J\u00e1 na Capital, o grupo tamb\u00e9m ser\u00e1 composto por servidores da \u00e1rea de Intelig\u00eancia das pol\u00edcias, por delegados regionais, e comandantes de batalh\u00e3o (PM e CBM), al\u00e9m de representantes do Comando de Policiamento da Capital (CPC), da Diretoria de Pol\u00edcia da Capital (DPC), da Guarda Metropolitana de Palmas, e do Comando de Opera\u00e7\u00f5es do CBM.<\/p>\n\n\n\n<p>Um outro grupo de Coordena\u00e7\u00e3o, composto pelos servidores da \u00e1rea de Intelig\u00eancia, dos diretores e dos Comandantes, da Capital e do interior, que estar\u00e3o nos grupos regionais, servir\u00e1 para que sejam relatados fatos relevantes sobre as opera\u00e7\u00f5es.<\/p>\n\n\n\n<p>Os coordenadores dos grupos regionais ser\u00e3o os comandantes e delegados regionais, ainda que contem com a participa\u00e7\u00e3o de servidores de hierarquia superior.<\/p>\n\n\n\n<p>Ainda na reuni\u00e3o, foi discutida a cria\u00e7\u00e3o de um grupo de crise, que ser\u00e1 mais restrito e ter\u00e1 poderes de n\u00facleo decisor do Governo, no qual os representantes da For\u00e7a de Seguran\u00e7a possam prestar um assessoramento mais eficiente ao Governador, antecipando crises.<\/p>\n\n\n\n<p>J\u00e1 sobre o n\u00e3o cumprimento de normas que co\u00edbem aglomera\u00e7\u00f5es de pessoas em locais p\u00fablicos, ficou determinado que n\u00famero 190 continua sendo o canal para recebimento desse tipo de den\u00fancias.<\/p>\n\n\n\n<p><strong>Entenda<\/strong><\/p>\n\n\n\n<p>Nesta quinta-feira, 19, o governador Mauro Carlesse determinou que as for\u00e7as de seguran\u00e7a do Estado, de forma unificada, realizem fiscaliza\u00e7\u00f5es quanto ao cumprimento dos decretos que estabelecem normas de preven\u00e7\u00e3o ao novo Coronav\u00edrus em \u00e2mbito estadual e municipal.<\/p>\n\n\n\n<p>No Tocantins, os decretos publicados pelo Governador nos \u00faltimos dias pro\u00edbem visita\u00e7\u00f5es em parques estaduais, nas Unidade de Conserva\u00e7\u00e3o (UCs), no Pal\u00e1cio Araguaia e no Museu Palacinho, em Palmas, al\u00e9m de suspens\u00e3o de todas as atividades educacionais nos estabelecimentos p\u00fablicos e privados.<\/p>\n\n\n\n<p>Tamb\u00e9m est\u00e3o suspensas as atividades em pra\u00e7as esportivas sob a gest\u00e3o do Poder P\u00fablico Estadual ou de propriedade deste, tais quais est\u00e1dios, gin\u00e1sios ou qualquer outra pra\u00e7a ou equipamento de uso compartilhado. As visita\u00e7\u00f5es aos custodiados no Sistema Prisional e Socioeducativo tamb\u00e9m foram proibidas.<\/p>\n\n\n\n<p>Al\u00e9m dos decretos editados pelo governador Mauro Carlesse, os munic\u00edpios tamb\u00e9m publicaram normas que visam proibir aglomera\u00e7\u00f5es de pessoas em locais p\u00fablicos, determinando, entre outros, o fechamento de shoppings, bares, academias e boates.<\/p>\n\n\n\n<p>No \u00faltimo dia 11 de mar\u00e7o, a Organiza\u00e7\u00e3o Mundial da Sa\u00fade (OMS) declarou pandemia do v\u00edrus Covid-19. O surto da doen\u00e7a, que come\u00e7ou no final de dezembro de 2019 na China, chegou recentemente ao Brasil, e ao Tocantins nessa quarta-feira, 18, quando foi confirmado o primeiro caso de uma paciente infectada com o novo Coronav\u00edrus.<\/p>\n\n\n\n<p>Isso levou o governador Mauro Carlesse a declarar Estado de Emerg\u00eancia no Tocantins. No cen\u00e1rio nacional, foi declarado Estado de Calamidade P\u00fablica.<\/p>\n","protected":false},"excerpt":{"rendered":"<p>Ap\u00f3s determina\u00e7\u00e3o do governador do Tocantins, Mauro Carlesse, representantes da Pol\u00edcia Militar (PM), da Pol\u00edcia Civil (PC) e do Corpo de Bombeiros Militar (CBM) se reuniram nesta sexta-feira, 20, na sede da Secretaria de Estado da Seguran\u00e7a P\u00fablica (SSP), em Palmas, para constituir a\u00e7\u00f5es diretivas de atua\u00e7\u00e3o referente \u00e0 fiscaliza\u00e7\u00e3o do cumprimento de decretos publicados [&hellip;]<\/p>\n","protected":false},"author":2,"featured_media":5188,"comment_status":"open","ping_status":"open","sticky":false,"template":"","format":"standard","meta":[],"categories":[4],"tags":[],"_links":{"self":[{"href":"https:\/\/dgospel.com.br\/portal\/index.php\/wp-json\/wp\/v2\/posts\/5187"}],"collection":[{"href":"https:\/\/dgospel.com.br\/portal\/index.php\/wp-json\/wp\/v2\/posts"}],"about":[{"href":"https:\/\/dgospel.com.br\/portal\/index.php\/wp-json\/wp\/v2\/types\/post"}],"author":[{"embeddable":true,"href":"https:\/\/dgospel.com.br\/portal\/index.php\/wp-json\/wp\/v2\/users\/2"}],"replies":[{"embeddable":true,"href":"https:\/\/dgospel.com.br\/portal\/index.php\/wp-json\/wp\/v2\/comments?post=5187"}],"version-history":[{"count":1,"href":"https:\/\/dgospel.com.br\/portal\/index.php\/wp-json\/wp\/v2\/posts\/5187\/revisions"}],"predecessor-version":[{"id":5189,"href":"https:\/\/dgospel.com.br\/portal\/index.php\/wp-json\/wp\/v2\/posts\/5187\/revisions\/5189"}],"wp:featuredmedia":[{"embeddable":true,"href":"https:\/\/dgospel.com.br\/portal\/index.php\/wp-json\/wp\/v2\/media\/5188"}],"wp:attachment":[{"href":"https:\/\/dgospel.com.br\/portal\/index.php\/wp-json\/wp\/v2\/media?parent=5187"}],"wp:term":[{"taxonomy":"category","embeddable":true,"href":"https:\/\/dgospel.com.br\/portal\/index.php\/wp-json\/wp\/v2\/categories?post=5187"},{"taxonomy":"post_tag","embeddable":true,"href":"https:\/\/dgospel.com.br\/portal\/index.php\/wp-json\/wp\/v2\/tags?post=5187"}],"curies":[{"name":"wp","href":"https:\/\/api.w.org\/{rel}","templated":true}]}}