{"id":5190,"date":"2020-03-21T11:47:21","date_gmt":"2020-03-21T14:47:21","guid":{"rendered":"http:\/\/dgospel.com.br\/portal\/?p=5190"},"modified":"2020-03-21T11:47:22","modified_gmt":"2020-03-21T14:47:22","slug":"fiscais-checam-cumprimento-de-medidas-de-contencao-da-covid-19-em-palmas","status":"publish","type":"post","link":"https:\/\/dgospel.com.br\/portal\/index.php\/2020\/03\/21\/fiscais-checam-cumprimento-de-medidas-de-contencao-da-covid-19-em-palmas\/","title":{"rendered":"Fiscais checam cumprimento de medidas de conten\u00e7\u00e3o da Covid-19 em Palmas"},"content":{"rendered":"\n<p>A Prefeitura de Palmas iniciou na tarde desta sexta-feira, 20, opera\u00e7\u00e3o de fiscaliza\u00e7\u00e3o para assegurar cumprimento das medidas de enfrentamento \u00e0 pandemia da Covid-19 em Palmas, ap\u00f3s a declara\u00e7\u00e3o de situa\u00e7\u00e3o de emerg\u00eancia na Capital. A opera\u00e7\u00e3o reuniu fiscais de postura e da Vigil\u00e2ncia Sanit\u00e1ria, guardas metropolitanos e agentes de tr\u00e2nsito em visita a \u00e1reas comerciais da Regi\u00e3o Norte, Central e Sul da Capital.<br><\/p>\n\n\n\n<p>Com abordagem de orienta\u00e7\u00e3o, foram solicitadas a comerciantes compreens\u00e3o acerca do momento e colabora\u00e7\u00e3o para cumprimento das medidas emergenciais que frisam a import\u00e2ncia suspens\u00e3o de a\u00e7\u00f5es ou atividades que estimulem o contato comunit\u00e1rio ou aglomera\u00e7\u00e3o de pessoas.<\/p>\n\n\n\n<p><strong>O que est\u00e1 permitido<\/strong><\/p>\n\n\n\n<p>No momento, portanto, est\u00e3o com funcionamento permitido na Capital apenas servi\u00e7os essenciais como supermercados, farm\u00e1cias, postos de combust\u00edveis, distribuidoras e revendedores de \u00e1gua e de g\u00e1s, laborat\u00f3rios, cl\u00ednicas, servi\u00e7os m\u00e9dicos, fisioterap\u00eauticos, de psicologia e farmac\u00eautico e servi\u00e7os de entrega.<\/p>\n\n\n\n<p>Apesar de as primeiras medidas terem sido tornadas p\u00fablicas no \u00faltimo dia 14, com a publica\u00e7\u00e3o de decreto de emerg\u00eancia, ainda foi poss\u00edvel&nbsp; nesta sexta-feira, 20, encontrar lojas de servi\u00e7os n\u00e3o essenciais abertas. Na Quadra Arno 33 (307 Norte), o lojista Paulo Pinto disse que est\u00e1 acompanhando as not\u00edcias sobre a chegada da pandemia no Brasil, entendeu a orienta\u00e7\u00e3o e fechou sua loja. &#8220;A gente sabe que \u00e9 ruim para o com\u00e9rcio, s\u00f3 que o mais importante \u00e9 a sa\u00fade da popula\u00e7\u00e3o. Acredito que a gente tem que colaborar mesmo&#8221;, declarou.<\/p>\n\n\n\n<p><strong>Situa\u00e7\u00e3o de emerg\u00eancia<\/strong><\/p>\n\n\n\n<p>Neste primeiro dia de fiscaliza\u00e7\u00e3o, foram visitadas quadras da regi\u00e3o Norte, bem como a Avenida JK e a Avenida Tocantins, em Taquaralto. Nenhum dos estabelecimentos visitados apresentou resist\u00eancia \u00e0s orienta\u00e7\u00f5es dadas.<\/p>\n\n\n\n<p>No entanto, a desobedi\u00eancia por estabelecimentos n\u00e3o essenciais&nbsp; os deixa sujeitos a poss\u00edvel notifica\u00e7\u00e3o como advert\u00eancia do descumprimento. Uma segunda visita com constata\u00e7\u00e3o de desobedi\u00eancia pode resultar em penalidade ao com\u00e9rcio com embargo do estabelecimento e multa, que pode variar entre R$ 50 a R$ 2 mil.<\/p>\n\n\n\n<p>Vale adiantar que medidas extras para enfrentamento da pandemia ser\u00e3o divulgadas em breve e novas a\u00e7\u00f5es de orienta\u00e7\u00e3o e fiscaliza\u00e7\u00e3o do com\u00e9rcio ser\u00e3o realizadas nos pr\u00f3ximos dias.<\/p>\n\n\n\n<p>&#8220;Nosso objetivo \u00e9 sensibilizar a popula\u00e7\u00e3o e o com\u00e9rcio para que os estabelecimentos que n\u00e3o s\u00e3o essenciais que permane\u00e7am fechados. Tudo isso \u00e9 pensando na preven\u00e7\u00e3o do contato social para preven\u00e7\u00e3o da dissemina\u00e7\u00e3o do coronav\u00edrus entre nossa popula\u00e7\u00e3o. Precisamos dessa colabora\u00e7\u00e3o para que tenhamos um efeito positivo na nossa cidade&#8221;, refor\u00e7ou o diretor de Fiscaliza\u00e7\u00e3o Urbana da Secretaria de Desenvolvimento Urbano e Servi\u00e7os Regionais, Emerson Parente.<\/p>\n\n\n\n<p><strong>Onde ligar<\/strong><\/p>\n\n\n\n<p>D\u00favidas sobre o que \u00e9 permitido e o que n\u00e3o \u00e9 permitido diante do cen\u00e1rio emergencial podem ser sanadas pela Ouvidoria Municipal 0800-6464-156. J\u00e1 den\u00fancias sobre atividades que estejam estimulando aglomera\u00e7\u00f5es podem ser repassadas ao 190 (Pol\u00edcia Militar) ou 153 (Guarda Metropolitana). Outro canal de comunica\u00e7\u00e3o institu\u00eddo para informar o cidad\u00e3o acerca do coronav\u00edrus e a doen\u00e7a por ele provocada, a Covid-19, \u00e9 o n\u00famero 136.<\/p>\n","protected":false},"excerpt":{"rendered":"<p>A Prefeitura de Palmas iniciou na tarde desta sexta-feira, 20, opera\u00e7\u00e3o de fiscaliza\u00e7\u00e3o para assegurar cumprimento das medidas de enfrentamento \u00e0 pandemia da Covid-19 em Palmas, ap\u00f3s a declara\u00e7\u00e3o de situa\u00e7\u00e3o de emerg\u00eancia na Capital. A opera\u00e7\u00e3o reuniu fiscais de postura e da Vigil\u00e2ncia Sanit\u00e1ria, guardas metropolitanos e agentes de tr\u00e2nsito em visita a \u00e1reas [&hellip;]<\/p>\n","protected":false},"author":2,"featured_media":5191,"comment_status":"open","ping_status":"open","sticky":false,"template":"","format":"standard","meta":[],"categories":[3],"tags":[],"_links":{"self":[{"href":"https:\/\/dgospel.com.br\/portal\/index.php\/wp-json\/wp\/v2\/posts\/5190"}],"collection":[{"href":"https:\/\/dgospel.com.br\/portal\/index.php\/wp-json\/wp\/v2\/posts"}],"about":[{"href":"https:\/\/dgospel.com.br\/portal\/index.php\/wp-json\/wp\/v2\/types\/post"}],"author":[{"embeddable":true,"href":"https:\/\/dgospel.com.br\/portal\/index.php\/wp-json\/wp\/v2\/users\/2"}],"replies":[{"embeddable":true,"href":"https:\/\/dgospel.com.br\/portal\/index.php\/wp-json\/wp\/v2\/comments?post=5190"}],"version-history":[{"count":1,"href":"https:\/\/dgospel.com.br\/portal\/index.php\/wp-json\/wp\/v2\/posts\/5190\/revisions"}],"predecessor-version":[{"id":5192,"href":"https:\/\/dgospel.com.br\/portal\/index.php\/wp-json\/wp\/v2\/posts\/5190\/revisions\/5192"}],"wp:featuredmedia":[{"embeddable":true,"href":"https:\/\/dgospel.com.br\/portal\/index.php\/wp-json\/wp\/v2\/media\/5191"}],"wp:attachment":[{"href":"https:\/\/dgospel.com.br\/portal\/index.php\/wp-json\/wp\/v2\/media?parent=5190"}],"wp:term":[{"taxonomy":"category","embeddable":true,"href":"https:\/\/dgospel.com.br\/portal\/index.php\/wp-json\/wp\/v2\/categories?post=5190"},{"taxonomy":"post_tag","embeddable":true,"href":"https:\/\/dgospel.com.br\/portal\/index.php\/wp-json\/wp\/v2\/tags?post=5190"}],"curies":[{"name":"wp","href":"https:\/\/api.w.org\/{rel}","templated":true}]}}