{"id":5193,"date":"2020-03-21T11:58:46","date_gmt":"2020-03-21T14:58:46","guid":{"rendered":"http:\/\/dgospel.com.br\/portal\/?p=5193"},"modified":"2020-03-21T11:58:47","modified_gmt":"2020-03-21T14:58:47","slug":"segundo-caso-de-coronavirus-e-confirmado-em-palmas","status":"publish","type":"post","link":"https:\/\/dgospel.com.br\/portal\/index.php\/2020\/03\/21\/segundo-caso-de-coronavirus-e-confirmado-em-palmas\/","title":{"rendered":"Segundo caso de coronav\u00edrus \u00e9 confirmado em Palmas"},"content":{"rendered":"\n<p>A Secretaria Estadual da Sa\u00fade confirmou o segundo caso de\ncoronav\u00edrus em Palmas. Segundo as informa\u00e7\u00f5es, trata-se de uma paciente, de 47\nanos, hipertensa, que teve contato com o primeiro caso confirmado, a advogada\nKellen Pedreira do Vale, de 42 anos, que est\u00e1 em isolamento domiciliar.<\/p>\n\n\n\n<p>O governo disse que a\npaciente se apresentou com febre e tosse em um hospital particular da capital,\nonde ficou internada at\u00e9 esta sexta-feira (20), quando recebeu alta e foi\nencaminhada para isolamento domiciliar.<\/p>\n\n\n\n<p>No in\u00edcio desta manh\u00e3,\na Prefeitura de Palmas j\u00e1 havia confirmado o segundo caso. Segundo o munic\u00edpio,\no exame que apontou a contamina\u00e7\u00e3o pelo v\u00edrus foi feito em um laborat\u00f3rio\nparticular e o resultado foi divulgado na noite desta sexta-feira (20).<\/p>\n\n\n\n<p>A nota informa tamb\u00e9m\nque a paciente chegou a ficar internada no leito de UTI de um hospital\nparticular,ap\u00f3s apresentar piora no quadro de sa\u00fade, mas que teve alta nesta\nsexta-feira.<\/p>\n\n\n\n<p>&#8220;Todas as pessoas\nque tiveram contato mais pr\u00f3ximo com esta paciente est\u00e3o sendo monitorados e os\ndados repassados ao Minist\u00e9rio da Sa\u00fade que, posteriormente, informa \u00e0\ninst\u00e2ncia estadual, como \u00e9 o protocolo&#8221;, diz a nota.<\/p>\n\n\n\n<p>O munic\u00edpio refor\u00e7ou a\nrecomenda\u00e7\u00e3o para que a popula\u00e7\u00e3o permane\u00e7a em casa, em isolamento social, a\nfim de evitar a propaga\u00e7\u00e3o do coronav\u00edrus. Destacou tamb\u00e9m que est\u00e1 dedicando\ntodos os esfor\u00e7os para manter sob controle a prolifera\u00e7\u00e3o do v\u00edrus na cidade.<\/p>\n\n\n\n<h2>O primeiro caso<\/h2>\n\n\n\n<p><strong>O primeiro caso de infec\u00e7\u00e3o foi confirmado na \u00faltima quarta-feira<\/strong> (18).\nA&nbsp;<strong>advogada Kellen Pedreira do\nVale, de 42 anos, est\u00e1 em isolamento domiciliar<\/strong>&nbsp;e\ndisse que est\u00e1 se recuperando bem. Ela descobriu infec\u00e7\u00e3o pelo Covid-19 ap\u00f3s\nchegar de um congresso em outro estado. O exame tamb\u00e9m foi feito em um\nlaborat\u00f3rio particular.<\/p>\n\n\n\n<p>&#8220;Mexe muito com\nseu emocional. Ontem fiquei muito emocionada, muito triste, nervosa, chorei\nmuito porque, ao mesmo tempo em que vem o sentimento de doen\u00e7a, as dores\nf\u00edsicas, vem o emocional, o sentimento de culpa, o medo de ter passado para os\namigos, meus filhos, marido e as pessoas que tive contato&#8221;, disse.<\/p>\n\n\n\n<p>Fonte:  <strong>G1 Tocantins<\/strong> <\/p>\n","protected":false},"excerpt":{"rendered":"<p>A Secretaria Estadual da Sa\u00fade confirmou o segundo caso de coronav\u00edrus em Palmas. Segundo as informa\u00e7\u00f5es, trata-se de uma paciente, de 47 anos, hipertensa, que teve contato com o primeiro caso confirmado, a advogada Kellen Pedreira do Vale, de 42 anos, que est\u00e1 em isolamento domiciliar. O governo disse que a paciente se apresentou com [&hellip;]<\/p>\n","protected":false},"author":2,"featured_media":5194,"comment_status":"open","ping_status":"open","sticky":false,"template":"","format":"standard","meta":[],"categories":[3],"tags":[],"_links":{"self":[{"href":"https:\/\/dgospel.com.br\/portal\/index.php\/wp-json\/wp\/v2\/posts\/5193"}],"collection":[{"href":"https:\/\/dgospel.com.br\/portal\/index.php\/wp-json\/wp\/v2\/posts"}],"about":[{"href":"https:\/\/dgospel.com.br\/portal\/index.php\/wp-json\/wp\/v2\/types\/post"}],"author":[{"embeddable":true,"href":"https:\/\/dgospel.com.br\/portal\/index.php\/wp-json\/wp\/v2\/users\/2"}],"replies":[{"embeddable":true,"href":"https:\/\/dgospel.com.br\/portal\/index.php\/wp-json\/wp\/v2\/comments?post=5193"}],"version-history":[{"count":1,"href":"https:\/\/dgospel.com.br\/portal\/index.php\/wp-json\/wp\/v2\/posts\/5193\/revisions"}],"predecessor-version":[{"id":5195,"href":"https:\/\/dgospel.com.br\/portal\/index.php\/wp-json\/wp\/v2\/posts\/5193\/revisions\/5195"}],"wp:featuredmedia":[{"embeddable":true,"href":"https:\/\/dgospel.com.br\/portal\/index.php\/wp-json\/wp\/v2\/media\/5194"}],"wp:attachment":[{"href":"https:\/\/dgospel.com.br\/portal\/index.php\/wp-json\/wp\/v2\/media?parent=5193"}],"wp:term":[{"taxonomy":"category","embeddable":true,"href":"https:\/\/dgospel.com.br\/portal\/index.php\/wp-json\/wp\/v2\/categories?post=5193"},{"taxonomy":"post_tag","embeddable":true,"href":"https:\/\/dgospel.com.br\/portal\/index.php\/wp-json\/wp\/v2\/tags?post=5193"}],"curies":[{"name":"wp","href":"https:\/\/api.w.org\/{rel}","templated":true}]}}