{"id":5196,"date":"2020-03-21T16:53:08","date_gmt":"2020-03-21T19:53:08","guid":{"rendered":"http:\/\/dgospel.com.br\/portal\/?p=5196"},"modified":"2020-03-21T17:00:57","modified_gmt":"2020-03-21T20:00:57","slug":"em-video-socorristas-do-samu-removem-homem-com-crise-respiratoria-em-palmas","status":"publish","type":"post","link":"https:\/\/dgospel.com.br\/portal\/index.php\/2020\/03\/21\/em-video-socorristas-do-samu-removem-homem-com-crise-respiratoria-em-palmas\/","title":{"rendered":"Em v\u00eddeo, socorristas do Samu removem homem com crise respirat\u00f3ria que teve contato com advogada vitima Covid-19 em Palmas"},"content":{"rendered":"\n<p>V\u00eddeos que circulam nas redes sociais, neste s\u00e1bado (21), mostram um homem sendo atendido por socorristas do Samu totalmente cobertos por roupas de prote\u00e7\u00e3o. As imagens foram gravadas na frente de um pr\u00e9dio na Arse 21, na regi\u00e3o central da cidade, no in\u00edcio da tarde. A Secretaria Municipal de Sa\u00fade (Semus) confirmou o atendimento e informou que o&nbsp;<a href=\"https:\/\/g1.globo.com\/to\/tocantins\/noticia\/2020\/03\/18\/secretaria-confirma-primeiro-caso-de-coronavirus-no-tocantins.ghtml\"><strong>paciente teve contato com a primeira&nbsp;<\/strong><\/a>pessoa que testou positivo para coronav\u00edrus no estado.<\/p>\n\n\n\n<p><\/p>\n\n\n\n<figure class=\"wp-block-image\"><img loading=\"lazy\" width=\"920\" height=\"550\" src=\"http:\/\/dgospel.com.br\/portal\/wp-content\/uploads\/2020\/03\/cfcf1830-58dc-447c-a192-5609fee47798-1.jpg\" alt=\"\" class=\"wp-image-5198\" srcset=\"https:\/\/dgospel.com.br\/portal\/wp-content\/uploads\/2020\/03\/cfcf1830-58dc-447c-a192-5609fee47798-1.jpg 920w, https:\/\/dgospel.com.br\/portal\/wp-content\/uploads\/2020\/03\/cfcf1830-58dc-447c-a192-5609fee47798-1-300x179.jpg 300w, https:\/\/dgospel.com.br\/portal\/wp-content\/uploads\/2020\/03\/cfcf1830-58dc-447c-a192-5609fee47798-1-768x459.jpg 768w\" sizes=\"(max-width: 920px) 100vw, 920px\" \/><\/figure>\n\n\n\n<p>De acordo com a secretaria, o paciente\napresentava tosse e falta de ar. O homem relatou aos socorristas que \u00e9 portador\nde bronquite asm\u00e1tica e teve contato com a advogada que testou positivo para\nCovid-19 ap\u00f3s chegar de um congresso em Fortaleza (CE).<\/p>\n\n\n\n<p>O paciente informou\nainda que trabalha na \u00e1rea de seguran\u00e7a p\u00fablica. Ele foi removido pela equipe\nde socorristas e conduzido at\u00e9 um hospital particular de Palmas, onde vai\npassar por exames e ficar sob observa\u00e7\u00e3o.<\/p>\n\n\n\n<p>Neste s\u00e1bado (21) foi confirmado o&nbsp;<strong>segundo\ncaso de coronav\u00edrus<\/strong>&nbsp;no Tocantins Segundo as informa\u00e7\u00f5es, trata-se de uma\npaciente de 47 anos, hipertensa, que tamb\u00e9m teve contato com o primeiro caso\nconfirmado no estado,&nbsp;<strong>a advogada Kellen Pedreira do\nVale,<\/strong>&nbsp;de\n42 anos. As duas est\u00e3o em isolamento domiciliar.<\/p>\n\n\n\n\n\n<p><strong>\n\n\n\nAt\u00e9 a manh\u00e3 deste<\/strong>&nbsp;s\u00e1bado, s\u00e3o 67 casos suspeitos e 16 descartados em todo o\nestado.<\/p>\n\n\n\n<p>A recomenda\u00e7\u00e3o das autoridades \u00e9 que a popula\u00e7\u00e3o permane\u00e7a dentro de casa para reduzir a dissemina\u00e7\u00e3o da doen\u00e7a. A transmiss\u00e3o se d\u00e1 pelo contato com as pessoas infectadas ou ainda por superf\u00edcies n\u00e3o higienizadas. A principal orienta\u00e7\u00e3o \u00e9 lavar bem as m\u00e3os e evitar contato com os olhos, boca e nariz.<\/p>\n\n\n\n<p>Os profissionais do Samu que aparecem no v\u00eddeo, por lidarem diretamente com os pacientes, seguiram os protocolos legais e utilizaram EPIs para proteger todo o corpo, evitando contato com o paciente.<\/p>\n\n\n\n<p>A Secretaria Municipal de Sa\u00fade informou ainda que o Centro de Informa\u00e7\u00f5es Estrat\u00e9gicas de Vigil\u00e2ncia em Sa\u00fade de Palmas (CIEVS) est\u00e1 realizando o monitoramento do caso e solicitou o isolamento domiciliar de todos que tiveram contato com o paciente.<\/p>\n\n\n\n<p>A Secretaria de Estado da Sa\u00fade esclarece que a Vigil\u00e2ncia em Sa\u00fade do Estado est\u00e1 ciente do caso e aguarda notifica\u00e7\u00e3o da Prefeitura de Palmas.<\/p>\n\n\n\n<p>Fonte:  <strong>G1 Tocantins<\/strong> <\/p>\n","protected":false},"excerpt":{"rendered":"<p>V\u00eddeos que circulam nas redes sociais, neste s\u00e1bado (21), mostram um homem sendo atendido por socorristas do Samu totalmente cobertos por roupas de prote\u00e7\u00e3o. As imagens foram gravadas na frente de um pr\u00e9dio na Arse 21, na regi\u00e3o central da cidade, no in\u00edcio da tarde. A Secretaria Municipal de Sa\u00fade (Semus) confirmou o atendimento e [&hellip;]<\/p>\n","protected":false},"author":2,"featured_media":5197,"comment_status":"open","ping_status":"open","sticky":false,"template":"","format":"standard","meta":[],"categories":[3,10],"tags":[],"_links":{"self":[{"href":"https:\/\/dgospel.com.br\/portal\/index.php\/wp-json\/wp\/v2\/posts\/5196"}],"collection":[{"href":"https:\/\/dgospel.com.br\/portal\/index.php\/wp-json\/wp\/v2\/posts"}],"about":[{"href":"https:\/\/dgospel.com.br\/portal\/index.php\/wp-json\/wp\/v2\/types\/post"}],"author":[{"embeddable":true,"href":"https:\/\/dgospel.com.br\/portal\/index.php\/wp-json\/wp\/v2\/users\/2"}],"replies":[{"embeddable":true,"href":"https:\/\/dgospel.com.br\/portal\/index.php\/wp-json\/wp\/v2\/comments?post=5196"}],"version-history":[{"count":2,"href":"https:\/\/dgospel.com.br\/portal\/index.php\/wp-json\/wp\/v2\/posts\/5196\/revisions"}],"predecessor-version":[{"id":5200,"href":"https:\/\/dgospel.com.br\/portal\/index.php\/wp-json\/wp\/v2\/posts\/5196\/revisions\/5200"}],"wp:featuredmedia":[{"embeddable":true,"href":"https:\/\/dgospel.com.br\/portal\/index.php\/wp-json\/wp\/v2\/media\/5197"}],"wp:attachment":[{"href":"https:\/\/dgospel.com.br\/portal\/index.php\/wp-json\/wp\/v2\/media?parent=5196"}],"wp:term":[{"taxonomy":"category","embeddable":true,"href":"https:\/\/dgospel.com.br\/portal\/index.php\/wp-json\/wp\/v2\/categories?post=5196"},{"taxonomy":"post_tag","embeddable":true,"href":"https:\/\/dgospel.com.br\/portal\/index.php\/wp-json\/wp\/v2\/tags?post=5196"}],"curies":[{"name":"wp","href":"https:\/\/api.w.org\/{rel}","templated":true}]}}