{"id":5202,"date":"2020-03-23T16:35:00","date_gmt":"2020-03-23T19:35:00","guid":{"rendered":"http:\/\/dgospel.com.br\/portal\/?p=5202"},"modified":"2020-03-23T16:35:02","modified_gmt":"2020-03-23T19:35:02","slug":"governador-mauro-carlesse-determina-aquisicao-de-alimentos-para-estudantes-da-rede-estadual","status":"publish","type":"post","link":"https:\/\/dgospel.com.br\/portal\/index.php\/2020\/03\/23\/governador-mauro-carlesse-determina-aquisicao-de-alimentos-para-estudantes-da-rede-estadual\/","title":{"rendered":"Governador Mauro Carlesse determina aquisi\u00e7\u00e3o de alimentos para estudantes da rede estadual"},"content":{"rendered":"\n<p>O governador do Tocantins, Mauro Carlesse, determinou nesse domingo, 22, a aquisi\u00e7\u00e3o e a entrega de alimentos aos estudantes da rede estadual de ensino, tendo em vista a priva\u00e7\u00e3o de alimenta\u00e7\u00e3o escolar decorrente da suspens\u00e3o de aulas, decretada como parte das medidas de combate \u00e0 prolifera\u00e7\u00e3o da Covid-19 (novo Coronav\u00edrus) no Tocantins. Conforme destacou, a alimenta\u00e7\u00e3o na escola \u00e9, para muitos, a principal refei\u00e7\u00e3o do dia e a aus\u00eancia desta pode acarretar preju\u00edzos nutricionais a milhares de estudantes.<\/p>\n\n\n\n<p>\u201cMuitos estudos mostram que a desnutri\u00e7\u00e3o, ou nutri\u00e7\u00e3o inadequada, pode gerar uma s\u00e9rie de outros problemas de sa\u00fade que afetam ainda mais o sistema p\u00fablico. O momento agora \u00e9 de cuidar das pessoas, fazer com que nossas crian\u00e7as e jovens mantenham sua imunidade alta. Por isso, estamos determinando uma for\u00e7a-tarefa para garantir o acesso \u00e0 alimenta\u00e7\u00e3o, por meio da aquisi\u00e7\u00e3o de alimentos e distribui\u00e7\u00e3o \u00e0s fam\u00edlias\u201d, frisa&nbsp;o Governador.<\/p>\n\n\n\n<p>Ser\u00e3o cerca de 100 mil kits de alimentos&nbsp;que atender\u00e3o \u00e0s fam\u00edlias de todos os alunos da rede estadual de ensino, com um investimento de cerca de R$ 6 milh\u00f5es, oriundos do Tesouro Estadual.<\/p>\n\n\n\n<p>A Secretaria de Estado da Educa\u00e7\u00e3o, Juventude e Esportes (Seduc) j\u00e1 adotou todos os procedimentos necess\u00e1rios para adquirir os alimentos. De acordo com a gestora Adriana Aguiar, os diretores escolares receber\u00e3o todas as orienta\u00e7\u00f5es de como dever\u00e1 se dar a distribui\u00e7\u00e3o, sempre primando pelo cuidado e pelo cumprimento das determina\u00e7\u00f5es da Organiza\u00e7\u00e3o Mundial de Sa\u00fade (OMS), relativas \u00e0 pandemia do novo Coronav\u00edrus.<\/p>\n\n\n\n<p><strong>Distribui\u00e7\u00e3o dos kits<\/strong><\/p>\n\n\n\n<p>A log\u00edstica que est\u00e1 sendo preparada prev\u00ea que,&nbsp;para os estudantes que residem na zona urbana,&nbsp;os kits ser\u00e3o entregues nas unidades escolares, ao passo que, para os alunos da zona rural,&nbsp;ser\u00e1 utilizado o transporte escolar para fazer a entrega dos alimentos nas rotas onde embarcam diariamente.<\/p>\n\n\n\n<p>A Seduc vai orientar as equipes gestoras das escolas e as Diretorias Regionais de Educa\u00e7\u00e3o a organizarem a distribui\u00e7\u00e3o de forma a n\u00e3o gerar qualquer tipo de aglomera\u00e7\u00e3o e ainda com toda prote\u00e7\u00e3o higi\u00eanica. &#8220;Compreendemos que muitas fam\u00edlias j\u00e1 estejam enfrentando dificuldades financeiras, mas refor\u00e7o que \u00e9 necess\u00e1rio que todos aguardem o an\u00fancio das datas de retirada dos kits. N\u00e3o mediremos esfor\u00e7os para que isso ocorra no menor prazo poss\u00edvel\u201d, frisa&nbsp;Adriana Aguiar, refor\u00e7ando que as informa\u00e7\u00f5es sobre data de entrega ser\u00e3o amplamente divulgadas, utilizando todos os canais de comunica\u00e7\u00e3o dispon\u00edveis, dentre os quais, as r\u00e1dios p\u00fablicas e comunit\u00e1rias.<\/p>\n\n\n\n<p>A Secretaria tamb\u00e9m vai orientar, aos diretores escolares, que realizem um levantamento acerca do quantitativo e das datas de validade dos alimentos que haviam sido adquiridos para a merenda escolar antes da suspens\u00e3o das aulas. A proposta \u00e9 que estes alimentos tamb\u00e9m sejam organizados em kits para serem entregues a estudantes que se encontrem em situa\u00e7\u00e3o de maior vulnerabilidade. &#8220;Com isso, seguimos a orienta\u00e7\u00e3o do governador Mauro Carlesse de evitar o desperd\u00edcio dos alimentos e atender \u00e0s fam\u00edlias mais necessitadas&#8221;, ressalta&nbsp;a gestora.<\/p>\n","protected":false},"excerpt":{"rendered":"<p>O governador do Tocantins, Mauro Carlesse, determinou nesse domingo, 22, a aquisi\u00e7\u00e3o e a entrega de alimentos aos estudantes da rede estadual de ensino, tendo em vista a priva\u00e7\u00e3o de alimenta\u00e7\u00e3o escolar decorrente da suspens\u00e3o de aulas, decretada como parte das medidas de combate \u00e0 prolifera\u00e7\u00e3o da Covid-19 (novo Coronav\u00edrus) no Tocantins. Conforme destacou, a [&hellip;]<\/p>\n","protected":false},"author":2,"featured_media":5204,"comment_status":"open","ping_status":"open","sticky":false,"template":"","format":"standard","meta":[],"categories":[3],"tags":[],"_links":{"self":[{"href":"https:\/\/dgospel.com.br\/portal\/index.php\/wp-json\/wp\/v2\/posts\/5202"}],"collection":[{"href":"https:\/\/dgospel.com.br\/portal\/index.php\/wp-json\/wp\/v2\/posts"}],"about":[{"href":"https:\/\/dgospel.com.br\/portal\/index.php\/wp-json\/wp\/v2\/types\/post"}],"author":[{"embeddable":true,"href":"https:\/\/dgospel.com.br\/portal\/index.php\/wp-json\/wp\/v2\/users\/2"}],"replies":[{"embeddable":true,"href":"https:\/\/dgospel.com.br\/portal\/index.php\/wp-json\/wp\/v2\/comments?post=5202"}],"version-history":[{"count":1,"href":"https:\/\/dgospel.com.br\/portal\/index.php\/wp-json\/wp\/v2\/posts\/5202\/revisions"}],"predecessor-version":[{"id":5205,"href":"https:\/\/dgospel.com.br\/portal\/index.php\/wp-json\/wp\/v2\/posts\/5202\/revisions\/5205"}],"wp:featuredmedia":[{"embeddable":true,"href":"https:\/\/dgospel.com.br\/portal\/index.php\/wp-json\/wp\/v2\/media\/5204"}],"wp:attachment":[{"href":"https:\/\/dgospel.com.br\/portal\/index.php\/wp-json\/wp\/v2\/media?parent=5202"}],"wp:term":[{"taxonomy":"category","embeddable":true,"href":"https:\/\/dgospel.com.br\/portal\/index.php\/wp-json\/wp\/v2\/categories?post=5202"},{"taxonomy":"post_tag","embeddable":true,"href":"https:\/\/dgospel.com.br\/portal\/index.php\/wp-json\/wp\/v2\/tags?post=5202"}],"curies":[{"name":"wp","href":"https:\/\/api.w.org\/{rel}","templated":true}]}}