{"id":5206,"date":"2020-03-23T16:38:02","date_gmt":"2020-03-23T19:38:02","guid":{"rendered":"http:\/\/dgospel.com.br\/portal\/?p=5206"},"modified":"2020-03-23T16:38:03","modified_gmt":"2020-03-23T19:38:03","slug":"confira-as-medidas-contra-o-novo-coronavirus-ja-executadas-pelo-governo-do-tocantins","status":"publish","type":"post","link":"https:\/\/dgospel.com.br\/portal\/index.php\/2020\/03\/23\/confira-as-medidas-contra-o-novo-coronavirus-ja-executadas-pelo-governo-do-tocantins\/","title":{"rendered":"Confira as medidas contra o novo Coronav\u00edrus j\u00e1 executadas pelo Governo do Tocantins"},"content":{"rendered":"\n<p>O Tocantins tem se destacado no cen\u00e1rio nacional como um dos estados que v\u00eam colocando em pr\u00e1tica a\u00e7\u00f5es efetivas de combate \u00e0&nbsp;Covid-19, provocada&nbsp;pelo novo Coronav\u00edrus. Desde o in\u00edcio da pandemia, anunciada pela Organiza\u00e7\u00e3o Mundial da Sa\u00fade no dia 11 de mar\u00e7o, o governador do Estado, Mauro Carlesse, determinou a execu\u00e7\u00e3o de medidas importantes, oque tem mudado a rotina do cidad\u00e3o tocantinense. Abaixo, listamos as principais.<\/p>\n\n\n\n<p><strong>Estado de Calamidade P\u00fablica<\/strong><\/p>\n\n\n\n<p>No \u00faltimo s\u00e1bado, 21, o governador Mauro Carlesse decretou estado de calamidade p\u00fablica em raz\u00e3o da pandemia da Covid-19, causada pelo novo Coronav\u00edrus. Entre outros termos, a medida suspende, por 30&nbsp;dias, os prazos de defesa e os prazos recursais no \u00e2mbito dos processos da administra\u00e7\u00e3o p\u00fablica estadual direta e indireta; dispensa licita\u00e7\u00e3o para aquisi\u00e7\u00e3o de bens, servi\u00e7os e insumos de sa\u00fade; e autoriza&nbsp;o trabalho remoto para grupo espec\u00edfico de agentes p\u00fablicos.<\/p>\n\n\n\n<p><strong>Aquisi\u00e7\u00e3o de testes r\u00e1pidos para a Covid-19 e refor\u00e7o no estoque de EPIs dos hospitais<\/strong><\/p>\n\n\n\n<p>O Governo fez a aquisi\u00e7\u00e3o de 6&nbsp;mil testes r\u00e1pidos para aferi\u00e7\u00e3o de contamina\u00e7\u00e3o para o novo Coronav\u00edrus. Al\u00e9m disso, foi determinado pelo Governador que os estoques de Equipamentos de Prote\u00e7\u00e3o Individual (EPIs) sejam reabastecidos, para que os profissionais da Sa\u00fade trabalhem com as condi\u00e7\u00f5es ideais ao exerc\u00edcio de suas atividades.<\/p>\n\n\n\n<p><strong>Aquisi\u00e7\u00e3o de alimentos para estudantes da rede estadual<\/strong><\/p>\n\n\n\n<p>O Governo vai fazer a aquisi\u00e7\u00e3o e a entrega de cerca de 100 mil kits de alimentos aos estudantes da rede estadual de ensino, tendo em vista a priva\u00e7\u00e3o de alimenta\u00e7\u00e3o escolar decorrente da suspens\u00e3o de aulas no Tocantins. O investimento \u00e9 de cerca de R$ 6 milh\u00f5es, oriundos do Tesouro Estadual.<\/p>\n\n\n\n<p><strong>Carros de som para orientar popula\u00e7\u00e3o<\/strong><\/p>\n\n\n\n<p>Nesse domingo, 22, o governador Mauro Carlesse determinou a contrata\u00e7\u00e3o de carros de som para percorrerem as maiores cidades do Estado orientando para que as pessoas continuem dentro de suas casas como forma de se protegerem.&nbsp;O Governo tem mantido tamb\u00e9m campanhas informativas e de preven\u00e7\u00e3o em todas as emissoras de televis\u00e3o do Estado e tamb\u00e9m em r\u00e1dios. H\u00e1 ainda uma maci\u00e7a campanha em todas as redes sociais, com plant\u00e3o 24 horas das equipes de jornalismo do Governo, de forma a fornecer o m\u00e1ximo de informa\u00e7\u00e3o confi\u00e1vel \u00e0 popula\u00e7\u00e3o tocantinense.<\/p>\n\n\n\n<p><strong>Linha de Cr\u00e9dito Especial e Prorroga\u00e7\u00e3o de pagamentos na Ag\u00eancia de Fomento<\/strong><\/p>\n\n\n\n<p>Por determina\u00e7\u00e3o do governador Mauro Carlesse, a Ag\u00eancia de Fomento vai prorrogar, por 60 dias, o prazo para o pagamento das parcelas de empr\u00e9stimos e financiamentos (ser\u00e3o beneficiados clientes adimplentes com a institui\u00e7\u00e3o), al\u00e9m de oferecer linhas de Capital de Giro com car\u00eancia e taxa reduzida (5% ao ano mais o \u00cdndice Nacional de Pre\u00e7os ao Consumidor) para os diversos segmentos, inclusive o Turismo.<\/p>\n\n\n\n<p><strong>Triagem em aeroportos e rodovi\u00e1rias do Tocantins<\/strong><\/p>\n\n\n\n<p>No \u00faltimo s\u00e1bado, 21, o governador Mauro Carlesse solicitou, ao Governo Federal, autoriza\u00e7\u00e3o para que o Ex\u00e9rcito Brasileiro realize, em aeroportos e terminais rodovi\u00e1rios do Estado, os protocolos de triagem, avalia\u00e7\u00e3o cl\u00ednica e encaminhamento dos viajantes abordados \u00e0 unidade de sa\u00fade, conforme normas da Ag\u00eancia Nacional de Vigil\u00e2ncia Sanit\u00e1ria (Anvisa).<\/p>\n\n\n\n<p><strong>Realiza\u00e7\u00e3o dos exames para o diagn\u00f3stico da Covid-19<\/strong><\/p>\n\n\n\n<p>O Governo anunciou no s\u00e1bado, 21, que o Laborat\u00f3rio Central de Sa\u00fade P\u00fablica do Tocantins (Lacen) iniciou a realiza\u00e7\u00e3o dos testes para o diagn\u00f3stico da doen\u00e7a Covid-19. A expectativa \u00e9 que os resultados comecem a sair em um prazo de 72 horas ap\u00f3s a chegada das amostras no local.<\/p>\n\n\n\n<p><strong>Fiscaliza\u00e7\u00e3o do cumprimento de decretos sobre o novo Coronav\u00edrus<\/strong><\/p>\n\n\n\n<p>O governador Mauro Carlesse determinou que as for\u00e7as de seguran\u00e7a do Estado, de forma unificada, realizem fiscaliza\u00e7\u00f5es quanto ao cumprimento dos decretos que estabelecem normas de preven\u00e7\u00e3o ao novo Coronav\u00edrus em \u00e2mbito estadual e municipal. A\u00e7\u00f5es est\u00e3o ocorrendo na Capital e tamb\u00e9m no interior do Tocantins.<\/p>\n\n\n\n<p><strong>Aquisi\u00e7\u00e3o de cestas b\u00e1sicas para fam\u00edlias atingidas por enchentes e crise do Coronav\u00edrus<\/strong><\/p>\n\n\n\n<p>O governador Mauro Carlesse determinou a aquisi\u00e7\u00e3o de at\u00e9 200 mil cestas b\u00e1sicas visando atender as fam\u00edlias em situa\u00e7\u00e3o de vulnerabilidade social que foram atingidas pelas enchentes e tamb\u00e9m as afetadas pela crise causada pelo novo Coronav\u00edrus. A inten\u00e7\u00e3o do Governo \u00e9 garantir a seguran\u00e7a alimentar de fam\u00edlias de baixo poder aquisitivo e que j\u00e1 est\u00e3o sendo afetadas em suas atividades de subsist\u00eancia.<\/p>\n\n\n\n<p><strong>Outras Medidas<\/strong><\/p>\n\n\n\n<p>Al\u00e9m das medidas citadas acima, o Governo tamb\u00e9m suspendeu, por tempo indeterminado, as aulas em estabelecimentos p\u00fablicos e privados; adotou jornada de trabalho reduzida de 6 horas para os servidores estaduais; e implantou Comit\u00ea de Crise para a\u00e7\u00f5es preventivas do novo Coronav\u00edrus, com representantes dos Poderes do Estado, de \u00f3rg\u00e3os p\u00fablicos e entidades da sociedade civil.<\/p>\n\n\n\n<p>Al\u00e9m disso, tamb\u00e9m foram suspensas as visitas&nbsp;nas unidades do sistema Prisional e Socioeducativo do Estado;&nbsp;a 20\u00aa edi\u00e7\u00e3o da Agrotins e eventos do Poder Executivo Estadual foram adiados&nbsp;por 30 dias; e visitas tur\u00edsticas no Pal\u00e1cio Araguaia, no Museu Palacinho, nos Parques Estaduais e nas Unidades de Conserva\u00e7\u00e3o (UCs) foram suspensas. No mesmo sentido, foi determinado que o Procon Tocantins monitore e oriente os estabelecimentos sobre a venda de \u00e1lcool em gel, luvas e m\u00e1scaras.<\/p>\n\n\n\n<p>O Governo tamb\u00e9m tem orientado, \u00e0 popula\u00e7\u00e3o,que opte pela presta\u00e7\u00e3o de servi\u00e7o on-line oferecido pelos \u00f3rg\u00e3os estaduais por meio dos sites institucionais.<\/p>\n","protected":false},"excerpt":{"rendered":"<p>O Tocantins tem se destacado no cen\u00e1rio nacional como um dos estados que v\u00eam colocando em pr\u00e1tica a\u00e7\u00f5es efetivas de combate \u00e0&nbsp;Covid-19, provocada&nbsp;pelo novo Coronav\u00edrus. Desde o in\u00edcio da pandemia, anunciada pela Organiza\u00e7\u00e3o Mundial da Sa\u00fade no dia 11 de mar\u00e7o, o governador do Estado, Mauro Carlesse, determinou a execu\u00e7\u00e3o de medidas importantes, oque tem [&hellip;]<\/p>\n","protected":false},"author":2,"featured_media":5207,"comment_status":"open","ping_status":"open","sticky":false,"template":"","format":"standard","meta":[],"categories":[4],"tags":[],"_links":{"self":[{"href":"https:\/\/dgospel.com.br\/portal\/index.php\/wp-json\/wp\/v2\/posts\/5206"}],"collection":[{"href":"https:\/\/dgospel.com.br\/portal\/index.php\/wp-json\/wp\/v2\/posts"}],"about":[{"href":"https:\/\/dgospel.com.br\/portal\/index.php\/wp-json\/wp\/v2\/types\/post"}],"author":[{"embeddable":true,"href":"https:\/\/dgospel.com.br\/portal\/index.php\/wp-json\/wp\/v2\/users\/2"}],"replies":[{"embeddable":true,"href":"https:\/\/dgospel.com.br\/portal\/index.php\/wp-json\/wp\/v2\/comments?post=5206"}],"version-history":[{"count":1,"href":"https:\/\/dgospel.com.br\/portal\/index.php\/wp-json\/wp\/v2\/posts\/5206\/revisions"}],"predecessor-version":[{"id":5208,"href":"https:\/\/dgospel.com.br\/portal\/index.php\/wp-json\/wp\/v2\/posts\/5206\/revisions\/5208"}],"wp:featuredmedia":[{"embeddable":true,"href":"https:\/\/dgospel.com.br\/portal\/index.php\/wp-json\/wp\/v2\/media\/5207"}],"wp:attachment":[{"href":"https:\/\/dgospel.com.br\/portal\/index.php\/wp-json\/wp\/v2\/media?parent=5206"}],"wp:term":[{"taxonomy":"category","embeddable":true,"href":"https:\/\/dgospel.com.br\/portal\/index.php\/wp-json\/wp\/v2\/categories?post=5206"},{"taxonomy":"post_tag","embeddable":true,"href":"https:\/\/dgospel.com.br\/portal\/index.php\/wp-json\/wp\/v2\/tags?post=5206"}],"curies":[{"name":"wp","href":"https:\/\/api.w.org\/{rel}","templated":true}]}}