{"id":521,"date":"2018-06-12T11:31:16","date_gmt":"2018-06-12T14:31:16","guid":{"rendered":"http:\/\/dgospel.com.br\/portal\/?p=521"},"modified":"2018-06-12T11:33:18","modified_gmt":"2018-06-12T14:33:18","slug":"wanderlei-barbosa-se-reune-com-prefeitos-e-firma-mais-apoios-a-campanha-de-mauro-carlesse","status":"publish","type":"post","link":"https:\/\/dgospel.com.br\/portal\/index.php\/2018\/06\/12\/wanderlei-barbosa-se-reune-com-prefeitos-e-firma-mais-apoios-a-campanha-de-mauro-carlesse\/","title":{"rendered":"Wanderlei Barbosa se re\u00fane com prefeitos e firma mais apoios a campanha de Mauro Carlesse"},"content":{"rendered":"<p style=\"font-weight: 400;\">Mais dois prefeitos aderiram nesta segunda-feira, 11, \u00e0 campanha do governador interino e candidato ao Governo do Estado no segundo turno da elei\u00e7\u00e3o suplementar, Mauro Carlesse, da coliga\u00e7\u00e3o &#8220;Governo de Atitude&#8221;.<\/p>\n<p style=\"font-weight: 400;\">Acompanhados do deputado estadual Olyntho Neto (PSDB) e da deputada federal Dorinha Seabra (DEM), declararam apoio ao governador, o prefeito Weltman Veloso (PSD), de Tupiratins, Cleoman Correia (PR), de Itacaj\u00e1, e diversos l\u00edderes pol\u00edticos de Rio Sono e Tocant\u00ednia.<\/p>\n<p style=\"font-weight: 400;\">Durante a reuni\u00e3o com as lideran\u00e7as, Wanderlei enfatizou que a estabilidade \u00e9 a \u00fanica alternativa para crescimento do Estado. \u201cVamos todos juntos fazer um trabalho para que os tocantinenses continuem aprovando este governo que luta pela estabilidade do Estado\u201d.<\/p>\n<p style=\"font-weight: 400;\">Na \u00faltima quarta-feira, 6, declararam apoio a Mauro Carlesse, os prefeitos Ivan Paz (PRB), de Aguiarn\u00f3polis, Carlos Alberto Rodrigues da Silva (PP), de Carrasco Bonito, e Valber Saraiva (PSDC), de Anan\u00e1s. Todos da regi\u00e3o do Bico do Papagaio.<\/p>\n<p style=\"font-weight: 400;\">Junto com os gestores municipais vieram ex-prefeitos, vereadores e diversas lideran\u00e7as pol\u00edticas, todos no mesmo sentimento, que Carlesse \u00e9 o \u00fanico que pode garantir a estabilidade do Tocantins.<\/p>\n","protected":false},"excerpt":{"rendered":"<p>Mais dois prefeitos aderiram nesta segunda-feira, 11, \u00e0 campanha do governador interino e candidato ao Governo do Estado no segundo turno da elei\u00e7\u00e3o suplementar, Mauro Carlesse, da coliga\u00e7\u00e3o &#8220;Governo de Atitude&#8221;. Acompanhados do deputado estadual Olyntho Neto (PSDB) e da deputada federal Dorinha Seabra (DEM), declararam apoio ao governador, o prefeito Weltman Veloso (PSD), de [&hellip;]<\/p>\n","protected":false},"author":2,"featured_media":522,"comment_status":"open","ping_status":"open","sticky":false,"template":"","format":"standard","meta":[],"categories":[2,4],"tags":[],"_links":{"self":[{"href":"https:\/\/dgospel.com.br\/portal\/index.php\/wp-json\/wp\/v2\/posts\/521"}],"collection":[{"href":"https:\/\/dgospel.com.br\/portal\/index.php\/wp-json\/wp\/v2\/posts"}],"about":[{"href":"https:\/\/dgospel.com.br\/portal\/index.php\/wp-json\/wp\/v2\/types\/post"}],"author":[{"embeddable":true,"href":"https:\/\/dgospel.com.br\/portal\/index.php\/wp-json\/wp\/v2\/users\/2"}],"replies":[{"embeddable":true,"href":"https:\/\/dgospel.com.br\/portal\/index.php\/wp-json\/wp\/v2\/comments?post=521"}],"version-history":[{"count":1,"href":"https:\/\/dgospel.com.br\/portal\/index.php\/wp-json\/wp\/v2\/posts\/521\/revisions"}],"predecessor-version":[{"id":523,"href":"https:\/\/dgospel.com.br\/portal\/index.php\/wp-json\/wp\/v2\/posts\/521\/revisions\/523"}],"wp:featuredmedia":[{"embeddable":true,"href":"https:\/\/dgospel.com.br\/portal\/index.php\/wp-json\/wp\/v2\/media\/522"}],"wp:attachment":[{"href":"https:\/\/dgospel.com.br\/portal\/index.php\/wp-json\/wp\/v2\/media?parent=521"}],"wp:term":[{"taxonomy":"category","embeddable":true,"href":"https:\/\/dgospel.com.br\/portal\/index.php\/wp-json\/wp\/v2\/categories?post=521"},{"taxonomy":"post_tag","embeddable":true,"href":"https:\/\/dgospel.com.br\/portal\/index.php\/wp-json\/wp\/v2\/tags?post=521"}],"curies":[{"name":"wp","href":"https:\/\/api.w.org\/{rel}","templated":true}]}}