{"id":5212,"date":"2020-03-23T16:46:35","date_gmt":"2020-03-23T19:46:35","guid":{"rendered":"http:\/\/dgospel.com.br\/portal\/?p=5212"},"modified":"2020-03-23T16:48:24","modified_gmt":"2020-03-23T19:48:24","slug":"brasileiros-cantam-porque-ele-vive-de-suas-janelas-durante-quarentena","status":"publish","type":"post","link":"https:\/\/dgospel.com.br\/portal\/index.php\/2020\/03\/23\/brasileiros-cantam-porque-ele-vive-de-suas-janelas-durante-quarentena\/","title":{"rendered":"Brasileiros cantam \u201cPorque Ele Vive\u201d de suas janelas durante quarentena"},"content":{"rendered":"\n<p>Crist\u00e3os espalharam uma convoca\u00e7\u00e3o por todo o Brasil e sa\u00edram para as janelas e sacadas para cantar a m\u00fasica \u201cPorque Ele Vive\u201d na noite da \u00faltima sexta-feira (20). A express\u00e3o de f\u00e9 acontece em meio \u00e0 pandemia do&nbsp;<a href=\"https:\/\/guiame.com.br\/gospel\/mundo-cristao\/max-lucado-diz-que-deus-esta-falando-com-o-mundo-em-meio-pandemia-de-coronavirus.html\"><strong>novo coronav\u00edrus<\/strong><\/a>, que at\u00e9 esta segunda-feira (23) tem 1.620 casos confirmados e 25 mortes no Pa\u00eds.<\/p>\n\n\n\n<p>\u201cUma grande adora\u00e7\u00e3o em toda nossa na\u00e7\u00e3o\u201d, diz a mensagem que foi espalhada principalmente em grupos de WhatsApp. \u201cCremos que a adora\u00e7\u00e3o faz o poder de Deus se manifestar e o mal desaparecer\u201d.<br>No fim de semana, v\u00eddeos que registraram o momento de louvor e adora\u00e7\u00e3o nas&nbsp;<a href=\"https:\/\/guiame.com.br\/gospel\/noticias\/pastor-prega-para-vizinhos-isolados-na-italia-partir-de-sua-sacada.html\"><strong>casas e apartamentos<\/strong><\/a>&nbsp;foram espalhados por internautas. O movimento foi aderido por diversas cidades brasileiras.<\/p>\n\n\n\n<p>\u201cPorque Ele vive, posso crer no amanh\u00e3. Porque Ele vive, temor n\u00e3o h\u00e1. Mas eu bem sei, eu sei, que a minha vida est\u00e1 nas m\u00e3os de meu Jesus, que vivo est\u00e1\u201d, diz o refr\u00e3o da m\u00fasica da Harpa Crist\u00e3.<\/p>\n\n\n\n<p>Moradores ficaram emocionados com a corrente de f\u00e9. Uma delas foi a professora aposentada Jardelina Wanzeller Kunsch, moradora do Condom\u00ednio Clube Buritis, que tem cinco torres de pr\u00e9dios, em Colina de Laranjeiras, no Esp\u00edrito Santo.&nbsp;<\/p>\n\n\n\n<p>\u201cHouve uma convoca\u00e7\u00e3o na internet e um grupo de moradores do condom\u00ednio cantou essa m\u00fasica. Cantou &#8216;Noites Trai\u00e7oeiras&#8217; tamb\u00e9m, algumas pessoas bateram palmas, outras rezaram e oraram. Foi muito bonito e emocionante\u201d, disse ao jornal Folha Vit\u00f3ria.<\/p>\n\n\n\n<p>Al\u00e9m das m\u00fasicas crist\u00e3s, moradores ficaram por alguns minutos aplaudindo e agradecendo o trabalho dos profissionais da sa\u00fade, que est\u00e3o atuando na linha de frente no combate ao coronav\u00edrus.<\/p>\n\n\n\n<figure class=\"wp-block-embed-facebook wp-block-embed\"><div class=\"wp-block-embed__wrapper\">\nhttps:\/\/www.facebook.com\/watch\/?t=8&#038;v=147873803173356\n<\/div><\/figure>\n\n\n\n<p>\n\nFONTE: GUIAME\n\n<\/p>\n","protected":false},"excerpt":{"rendered":"<p>Crist\u00e3os espalharam uma convoca\u00e7\u00e3o por todo o Brasil e sa\u00edram para as janelas e sacadas para cantar a m\u00fasica \u201cPorque Ele Vive\u201d na noite da \u00faltima sexta-feira (20). A express\u00e3o de f\u00e9 acontece em meio \u00e0 pandemia do&nbsp;novo coronav\u00edrus, que at\u00e9 esta segunda-feira (23) tem 1.620 casos confirmados e 25 mortes no Pa\u00eds. \u201cUma grande [&hellip;]<\/p>\n","protected":false},"author":2,"featured_media":5214,"comment_status":"open","ping_status":"open","sticky":false,"template":"","format":"standard","meta":[],"categories":[5,6,1],"tags":[],"_links":{"self":[{"href":"https:\/\/dgospel.com.br\/portal\/index.php\/wp-json\/wp\/v2\/posts\/5212"}],"collection":[{"href":"https:\/\/dgospel.com.br\/portal\/index.php\/wp-json\/wp\/v2\/posts"}],"about":[{"href":"https:\/\/dgospel.com.br\/portal\/index.php\/wp-json\/wp\/v2\/types\/post"}],"author":[{"embeddable":true,"href":"https:\/\/dgospel.com.br\/portal\/index.php\/wp-json\/wp\/v2\/users\/2"}],"replies":[{"embeddable":true,"href":"https:\/\/dgospel.com.br\/portal\/index.php\/wp-json\/wp\/v2\/comments?post=5212"}],"version-history":[{"count":1,"href":"https:\/\/dgospel.com.br\/portal\/index.php\/wp-json\/wp\/v2\/posts\/5212\/revisions"}],"predecessor-version":[{"id":5213,"href":"https:\/\/dgospel.com.br\/portal\/index.php\/wp-json\/wp\/v2\/posts\/5212\/revisions\/5213"}],"wp:featuredmedia":[{"embeddable":true,"href":"https:\/\/dgospel.com.br\/portal\/index.php\/wp-json\/wp\/v2\/media\/5214"}],"wp:attachment":[{"href":"https:\/\/dgospel.com.br\/portal\/index.php\/wp-json\/wp\/v2\/media?parent=5212"}],"wp:term":[{"taxonomy":"category","embeddable":true,"href":"https:\/\/dgospel.com.br\/portal\/index.php\/wp-json\/wp\/v2\/categories?post=5212"},{"taxonomy":"post_tag","embeddable":true,"href":"https:\/\/dgospel.com.br\/portal\/index.php\/wp-json\/wp\/v2\/tags?post=5212"}],"curies":[{"name":"wp","href":"https:\/\/api.w.org\/{rel}","templated":true}]}}