{"id":5221,"date":"2020-03-23T23:39:50","date_gmt":"2020-03-24T02:39:50","guid":{"rendered":"http:\/\/dgospel.com.br\/portal\/?p=5221"},"modified":"2020-03-23T23:39:51","modified_gmt":"2020-03-24T02:39:51","slug":"numero-de-casos-confirmados-de-coronavirus-em-palmas-sobe-para-7-diz-secretaria-estadual-da-saude","status":"publish","type":"post","link":"https:\/\/dgospel.com.br\/portal\/index.php\/2020\/03\/23\/numero-de-casos-confirmados-de-coronavirus-em-palmas-sobe-para-7-diz-secretaria-estadual-da-saude\/","title":{"rendered":"N\u00famero de casos confirmados de coronav\u00edrus em Palmas sobe para 7, diz Secretaria Estadual da Sa\u00fade"},"content":{"rendered":"\n<p>A Secretaria Estadual da Sa\u00fade (SES) atualizou no come\u00e7o da\nnoite desta segunda-feira (23) o n\u00famero de casos confirmados do novo\ncoronav\u00edrus no Tocantins para sete. Todos as confirma\u00e7\u00f5es s\u00e3o de pacientes de\nPalmas, mas n\u00e3o foi informado se algum deles est\u00e1 internado em unidade\nhospitalar.<\/p>\n\n\n\n<p>A Secretaria disse que\no sistema utilizado pelo Minist\u00e9rio da Sa\u00fade para o acompanhamento dos casos\napresentou instabilidades e por isso n\u00e3o atualizou dados como o n\u00famero de casos\nsuspeitos ou descartados. At\u00e9 a \u00faltima atualiza\u00e7\u00e3o, na noite de domingo (22)\neram 64 casos suspeitos e 37 descartados em todo o estado.<\/p>\n\n\n\n<p>Segundo o governo\nestadual, os dois casos confirmados nesta segunda foram diagnosticados ap\u00f3s\ntestes realizados no Laborat\u00f3rio Central do Tocantins (Lacen). N\u00e3o h\u00e1\nrefer\u00eancia aos testes enviados para o Instituto Adolfo Lutz, em S\u00e3o Paulo.<\/p>\n\n\n\n<p>O Tocantins segue sem nenhum\nregistro de morte causada pelo novo coronav\u00edrus. No s\u00e1bado (21), o caminhoneiro\nAncelmo M\u00fcller, de 55 anos,&nbsp;<strong>morreu\nno Hospital Regional de Porto Nacional<\/strong>. O paciente morava em\nJacutinga, no Rio Grande do Sul, mas estava no Tocantins h\u00e1 cerca de 20 dias.\nEle deu entrada na unidade com tosse, febre e desconforto respirat\u00f3rio e morreu\nmomentos depois. O caso chegou a ser tratado como suspeito, por\u00e9m<strong>&nbsp;o resultado do exame dele testou negativo para coronav\u00edrus.<\/strong><\/p>\n\n\n\n<p>Fonte: <strong>G1 Tocantins<\/strong> <\/p>\n","protected":false},"excerpt":{"rendered":"<p>A Secretaria Estadual da Sa\u00fade (SES) atualizou no come\u00e7o da noite desta segunda-feira (23) o n\u00famero de casos confirmados do novo coronav\u00edrus no Tocantins para sete. Todos as confirma\u00e7\u00f5es s\u00e3o de pacientes de Palmas, mas n\u00e3o foi informado se algum deles est\u00e1 internado em unidade hospitalar. A Secretaria disse que o sistema utilizado pelo Minist\u00e9rio [&hellip;]<\/p>\n","protected":false},"author":2,"featured_media":5222,"comment_status":"open","ping_status":"open","sticky":false,"template":"","format":"standard","meta":[],"categories":[3,10],"tags":[],"_links":{"self":[{"href":"https:\/\/dgospel.com.br\/portal\/index.php\/wp-json\/wp\/v2\/posts\/5221"}],"collection":[{"href":"https:\/\/dgospel.com.br\/portal\/index.php\/wp-json\/wp\/v2\/posts"}],"about":[{"href":"https:\/\/dgospel.com.br\/portal\/index.php\/wp-json\/wp\/v2\/types\/post"}],"author":[{"embeddable":true,"href":"https:\/\/dgospel.com.br\/portal\/index.php\/wp-json\/wp\/v2\/users\/2"}],"replies":[{"embeddable":true,"href":"https:\/\/dgospel.com.br\/portal\/index.php\/wp-json\/wp\/v2\/comments?post=5221"}],"version-history":[{"count":1,"href":"https:\/\/dgospel.com.br\/portal\/index.php\/wp-json\/wp\/v2\/posts\/5221\/revisions"}],"predecessor-version":[{"id":5223,"href":"https:\/\/dgospel.com.br\/portal\/index.php\/wp-json\/wp\/v2\/posts\/5221\/revisions\/5223"}],"wp:featuredmedia":[{"embeddable":true,"href":"https:\/\/dgospel.com.br\/portal\/index.php\/wp-json\/wp\/v2\/media\/5222"}],"wp:attachment":[{"href":"https:\/\/dgospel.com.br\/portal\/index.php\/wp-json\/wp\/v2\/media?parent=5221"}],"wp:term":[{"taxonomy":"category","embeddable":true,"href":"https:\/\/dgospel.com.br\/portal\/index.php\/wp-json\/wp\/v2\/categories?post=5221"},{"taxonomy":"post_tag","embeddable":true,"href":"https:\/\/dgospel.com.br\/portal\/index.php\/wp-json\/wp\/v2\/tags?post=5221"}],"curies":[{"name":"wp","href":"https:\/\/api.w.org\/{rel}","templated":true}]}}