{"id":5224,"date":"2020-03-23T23:57:59","date_gmt":"2020-03-24T02:57:59","guid":{"rendered":"http:\/\/dgospel.com.br\/portal\/?p=5224"},"modified":"2020-03-23T23:58:01","modified_gmt":"2020-03-24T02:58:01","slug":"associacao-nacional-de-juristas-evangelicos-pede-para-pastores-suspenderem-os-cultos","status":"publish","type":"post","link":"https:\/\/dgospel.com.br\/portal\/index.php\/2020\/03\/23\/associacao-nacional-de-juristas-evangelicos-pede-para-pastores-suspenderem-os-cultos\/","title":{"rendered":"Associa\u00e7\u00e3o Nacional de Juristas Evang\u00e9licos pede para pastores suspenderem os cultos"},"content":{"rendered":"\n<p>Associa\u00e7\u00e3o Nacional de Juristas Evang\u00e9licos (ANAJURE) pediu \u00e0 comunidade evang\u00e9lica que continue seguindo as recomenda\u00e7\u00f5es do poder p\u00fablico com rela\u00e7\u00e3o ao isolamento social.<\/p>\n\n\n\n<p>A&nbsp;Anajure pediu para pastores e igrejas para que, \u201cpor solidariedade crist\u00e3 e em nome do esp\u00edrito coletivo\u201d, se sujeitem \u00e0s determina\u00e7\u00f5es e recomenda\u00e7\u00f5es de governos para n\u00e3o realizar cultos presenciais, reuni\u00f5es religiosas ou eventos p\u00fablicos durante a pandemia da&nbsp;covid-19.<\/p>\n\n\n\n<p>\u201cA Anajure pede \u00e0 comunidade evang\u00e9lica que continue seguindo as recomenda\u00e7\u00f5es do poder p\u00fablico com rela\u00e7\u00e3o ao isolamento social, ainda que algumas delas sejam question\u00e1veis do ponto de vista constitucional\u201d, apelou a entidade, em nota. &nbsp;\u201cA resist\u00eancia por parte de alguns grupos religiosos, ainda que em pequeno n\u00famero, demonstra desconex\u00e3o com a gravidade do contexto enfrentado pelo pa\u00eds e falta de compaix\u00e3o por seus fi\u00e9is, vez que os coloca em perigo e eleva o potencial de prolifera\u00e7\u00e3o da doen\u00e7a, inclusive, no meio de grupos de risco, como os idosos.\u201d<\/p>\n\n\n\n<p>O&nbsp;Minist\u00e9rio da Sa\u00fade&nbsp;afirma que os templos podem permanecer abertos para assist\u00eancia ou ora\u00e7\u00f5es individuais, mas desorienta promover cultos e quaisquer atividades com aglomera\u00e7\u00e3o \u2013 seja qual for a religi\u00e3o.<\/p>\n\n\n\n<p>A associa\u00e7\u00e3o diz ser \u201cprudente\u201d usar meios de comunica\u00e7\u00e3o virtuais para cultos, aulas e semin\u00e1rios teol\u00f3gicos, al\u00e9m de sugerir o trabalho em casa aos funcion\u00e1rios administrativos das denomina\u00e7\u00f5es.<\/p>\n\n\n\n<p>A Anajure afirma que eventuais inconstitucionalidades nos decretos ou leis n\u00e3o justificam a ado\u00e7\u00e3o de postura de insubmiss\u00e3o \u00e0s recomenda\u00e7\u00f5es, que visa preservar a vida e a dignidade da pessoa humana. A associa\u00e7\u00e3o pediu cautela aos l\u00edderes religiosos ao falar sobre a pandemia.&nbsp;<\/p>\n\n\n\n<figure><iframe loading=\"lazy\" src=\"https:\/\/tpc.googlesyndication.com\/safeframe\/1-0-37\/html\/container.html\" width=\"0\" height=\"90\"><\/iframe><\/figure>\n\n\n\n<p>\u201cO pronunciamento comedido e cauteloso de pastores e l\u00edderes \u00e9 essencial para a conscientiza\u00e7\u00e3o dos fi\u00e9is, sendo de extrema relev\u00e2ncia que as autoridades eclesi\u00e1sticas se deixem guiar pela prud\u00eancia, sensatez, sabedoria e solidariedade\u201d, afirmam os dirigentes.<\/p>\n\n\n\n<p>A Anajure j\u00e1 publicou dois comunicados com orienta\u00e7\u00f5es \u00e0s igrejas e l\u00edderes evang\u00e9licos, assinados pelo presidente, o advogado Uziel Santana. &nbsp;O \u00faltimo no s\u00e1bado, dia 21. Os documentos s\u00e3o aprovados pelo conselho da entidade, dirigida majoritariamente por membros de igrejas hist\u00f3ricas, como Presbiteriana, Batista e Metodista, entre outras.<\/p>\n\n\n\n<p>\u201cConsiderando a situa\u00e7\u00e3o do&nbsp;covid-19, em que h\u00e1 alto \u00edndice de transmiss\u00e3o comunit\u00e1ria, parece-nos que se trata de uma das situa\u00e7\u00f5es excepcionais em que se permite ao Estado limitar a liberdade de reuni\u00e3o para fins de cultos religiosos. Na aus\u00eancia desse n\u00edvel de transmiss\u00e3o comunit\u00e1ria, a justificativa para tais medidas extraordin\u00e1rias se tornaria muito mais t\u00eanue e de dif\u00edcil configura\u00e7\u00e3o.\u201d<\/p>\n\n\n\n<p>A associa\u00e7\u00e3o recomendou \u201ccautela \u00e0s organiza\u00e7\u00f5es religiosas brasileiras e prud\u00eancia aos seus l\u00edderes, alertando para a gravidade do contexto enfrentado pelo nosso Pa\u00eds e para a necessidade de sujei\u00e7\u00e3o \u00e0s recomenda\u00e7\u00f5es emitidas pelo poder p\u00fablico\u201d.<\/p>\n\n\n\n<p>A entidade argumenta que a possibilidade de suspens\u00e3o tempor\u00e1ria de reuni\u00f5es e eventos p\u00fablicos n\u00e3o configura, necessariamente, viola\u00e7\u00e3o da liberdade religiosa. Diz que as determina\u00e7\u00f5es devem seguir crit\u00e9rios como a legalidade, generalidade, temporalidade, excepcionalidade e preservar o n\u00facleo essencial dos direitos fundamentais. Mas pede tamb\u00e9m que parlamentares acompanhem as a\u00e7\u00f5es do pode Executivo para n\u00e3o dar margem a eventuais arbitrariedades.<\/p>\n\n\n\n<p><strong>Fonte: Estad\u00e3o e Anajure<\/strong><\/p>\n","protected":false},"excerpt":{"rendered":"<p>Associa\u00e7\u00e3o Nacional de Juristas Evang\u00e9licos (ANAJURE) pediu \u00e0 comunidade evang\u00e9lica que continue seguindo as recomenda\u00e7\u00f5es do poder p\u00fablico com rela\u00e7\u00e3o ao isolamento social. A&nbsp;Anajure pediu para pastores e igrejas para que, \u201cpor solidariedade crist\u00e3 e em nome do esp\u00edrito coletivo\u201d, se sujeitem \u00e0s determina\u00e7\u00f5es e recomenda\u00e7\u00f5es de governos para n\u00e3o realizar cultos presenciais, reuni\u00f5es religiosas [&hellip;]<\/p>\n","protected":false},"author":2,"featured_media":5226,"comment_status":"open","ping_status":"open","sticky":false,"template":"","format":"standard","meta":[],"categories":[5,6],"tags":[],"_links":{"self":[{"href":"https:\/\/dgospel.com.br\/portal\/index.php\/wp-json\/wp\/v2\/posts\/5224"}],"collection":[{"href":"https:\/\/dgospel.com.br\/portal\/index.php\/wp-json\/wp\/v2\/posts"}],"about":[{"href":"https:\/\/dgospel.com.br\/portal\/index.php\/wp-json\/wp\/v2\/types\/post"}],"author":[{"embeddable":true,"href":"https:\/\/dgospel.com.br\/portal\/index.php\/wp-json\/wp\/v2\/users\/2"}],"replies":[{"embeddable":true,"href":"https:\/\/dgospel.com.br\/portal\/index.php\/wp-json\/wp\/v2\/comments?post=5224"}],"version-history":[{"count":1,"href":"https:\/\/dgospel.com.br\/portal\/index.php\/wp-json\/wp\/v2\/posts\/5224\/revisions"}],"predecessor-version":[{"id":5227,"href":"https:\/\/dgospel.com.br\/portal\/index.php\/wp-json\/wp\/v2\/posts\/5224\/revisions\/5227"}],"wp:featuredmedia":[{"embeddable":true,"href":"https:\/\/dgospel.com.br\/portal\/index.php\/wp-json\/wp\/v2\/media\/5226"}],"wp:attachment":[{"href":"https:\/\/dgospel.com.br\/portal\/index.php\/wp-json\/wp\/v2\/media?parent=5224"}],"wp:term":[{"taxonomy":"category","embeddable":true,"href":"https:\/\/dgospel.com.br\/portal\/index.php\/wp-json\/wp\/v2\/categories?post=5224"},{"taxonomy":"post_tag","embeddable":true,"href":"https:\/\/dgospel.com.br\/portal\/index.php\/wp-json\/wp\/v2\/tags?post=5224"}],"curies":[{"name":"wp","href":"https:\/\/api.w.org\/{rel}","templated":true}]}}