{"id":5228,"date":"2020-03-24T00:18:25","date_gmt":"2020-03-24T03:18:25","guid":{"rendered":"http:\/\/dgospel.com.br\/portal\/?p=5228"},"modified":"2020-03-24T00:18:26","modified_gmt":"2020-03-24T03:18:26","slug":"prefeitura-de-paraiso-toma-novas-medidas-e-determina-o-fechamento-de-templos-religiosos-para-conter-o-coronavirus","status":"publish","type":"post","link":"https:\/\/dgospel.com.br\/portal\/index.php\/2020\/03\/24\/prefeitura-de-paraiso-toma-novas-medidas-e-determina-o-fechamento-de-templos-religiosos-para-conter-o-coronavirus\/","title":{"rendered":"Prefeitura de Para\u00edso toma novas medidas e determina o fechamento de templos religiosos para conter o coronav\u00edrus"},"content":{"rendered":"\n<p>A Prefeitura de Para\u00edso anunciou\nnovas medidas para tentar conter o avan\u00e7o do coronav\u00edrus no Tocantins. Entre as\nmedidas, est\u00e1 a determina\u00e7\u00e3o do fechamento do com\u00e9rcio, estabelecimentos de\nlazer e servi\u00e7os e at\u00e9 templos religiosos na cidade. Os vel\u00f3rios tamb\u00e9m passam\npor mudan\u00e7as e s\u00f3 parentes at\u00e9 o terceiro grau v\u00e3o podem comparecer \u00e0s\ncerim\u00f4nias.<\/p>\n\n\n\n<p>A cidade ainda n\u00e3o tem casos\nconfirmados de Covid-19, mas como est\u00e1 localizada a cerca de 60 km de Palmas,\nque tem cinco casos confirmados, est\u00e1 endurecendo as medidas de preven\u00e7\u00e3o.<\/p>\n\n\n\n<p>A medida n\u00e3o se aplica a servi\u00e7os\nessenciais, como unidades de sa\u00fade, farm\u00e1cias e postos de combust\u00edveis. Tamb\u00e9m\nest\u00e3o liberados servi\u00e7os de entrega.<\/p>\n\n\n\n<p>Os supermercados podem seguir\nabertos, mas com redu\u00e7\u00e3o no n\u00famero de funcion\u00e1rios e limites na quantidade de\nclientes por vez dentro da loja&nbsp;<strong><em>(veja\nao fim do texto).<\/em><\/strong><\/p>\n\n\n\n<p><strong>Veja o que n\u00e3o pode\nabrir<\/strong><\/p>\n\n\n\n<ul><li>Bares, restaurantes, lanchonetes e\nestabelecimentos cong\u00eaneres;<\/li><li>Templos, igrejas e demais\ninstitui\u00e7\u00f5es religiosas;<\/li><li>Equipamentos culturais p\u00fablico e\nprivado;<\/li><li>Academias, clubes, centros de\ngin\u00e1stica e estabelecimentos similares;<\/li><li>Lojas ou estabelecimentos que\npratiquem o com\u00e9rcio ou prestem servi\u00e7os de natureza privada;<\/li><li>Galeria\/centro comercial, mercado\nmunicipal e estabelecimentos cong\u00eaneres;<\/li><li>Feiras livres e exposi\u00e7\u00f5es;<\/li><li>A presen\u00e7a de pessoas, al\u00e9m do 3\u00b0\n(terceiro) grau de parentesco, em vel\u00f3rios e cortejos, sendo que devem ser\ntomadas as medidas de prote\u00e7\u00e3o preventiva, quais sejam: uso de m\u00e1scaras,\ndisponibiliza\u00e7\u00e3o de \u00e1lcool 70% (setenta por cento) e distanciamento entre os\nenlutados;<\/li><li>Suspens\u00e3o abrange ainda os eventos,\nreuni\u00f5es e\/ou atividades sujeitas a aglomera\u00e7\u00e3o de pessoas, sejam elas\np\u00fablicas, privadas ou de natureza pessoal\/familiar;<\/li><\/ul>\n\n\n\n<p><strong>Restri\u00e7\u00f5es para\nsupermercados<\/strong><\/p>\n\n\n\n<ul><li>Diminuir o quadro de empregados, para\ncada jornada de trabalho, no limite m\u00ednimo de 40% (quarenta por cento);<\/li><li>Limitar a entrada de pessoas por vez,\nde acordo com o tamanho do estabelecimento:<\/li><li>M\u00e1ximo 13 pessoas, entre\ncolaboradores e consumidores, em estabelecimento com tamanho at\u00e9 200m\u00b2;<\/li><li>M\u00e1ximo 30 pessoas, entre\ncolaboradores e consumidores, em estabelecimento com tamanho de 200m\u00b2 at\u00e9 750\nm\u00b2;<\/li><li>M\u00e1ximo 50 pessoas, entre\ncolaboradores e consumidores, em estabelecimento com tamanho superior a 750 m\u00b2;<\/li><li>Espa\u00e7amento m\u00ednimo entre os caixas de\n03 metros<\/li><li>Hor\u00e1rios ou setores exclusivos para o\natendimento de idosos, a fim de garantir a dist\u00e2ncia m\u00ednima de 2 (dois) metros\nentre as pessoas em todos os ambientes, para resguardar a sa\u00fade p\u00fablica;<\/li><li>Em pontos estrat\u00e9gicos dispensadores\ncom \u00e1lcool gel 70% (setenta por cento), para o uso de clientes e trabalhadores,\nbem como manter a permanente higieniza\u00e7\u00e3o dos ambientes;<\/li><\/ul>\n\n\n\n<p>Fonte:  <strong>G1 Tocantins<\/strong> <\/p>\n","protected":false},"excerpt":{"rendered":"<p>A Prefeitura de Para\u00edso anunciou novas medidas para tentar conter o avan\u00e7o do coronav\u00edrus no Tocantins. Entre as medidas, est\u00e1 a determina\u00e7\u00e3o do fechamento do com\u00e9rcio, estabelecimentos de lazer e servi\u00e7os e at\u00e9 templos religiosos na cidade. Os vel\u00f3rios tamb\u00e9m passam por mudan\u00e7as e s\u00f3 parentes at\u00e9 o terceiro grau v\u00e3o podem comparecer \u00e0s cerim\u00f4nias. [&hellip;]<\/p>\n","protected":false},"author":2,"featured_media":5229,"comment_status":"open","ping_status":"open","sticky":false,"template":"","format":"standard","meta":[],"categories":[4],"tags":[],"_links":{"self":[{"href":"https:\/\/dgospel.com.br\/portal\/index.php\/wp-json\/wp\/v2\/posts\/5228"}],"collection":[{"href":"https:\/\/dgospel.com.br\/portal\/index.php\/wp-json\/wp\/v2\/posts"}],"about":[{"href":"https:\/\/dgospel.com.br\/portal\/index.php\/wp-json\/wp\/v2\/types\/post"}],"author":[{"embeddable":true,"href":"https:\/\/dgospel.com.br\/portal\/index.php\/wp-json\/wp\/v2\/users\/2"}],"replies":[{"embeddable":true,"href":"https:\/\/dgospel.com.br\/portal\/index.php\/wp-json\/wp\/v2\/comments?post=5228"}],"version-history":[{"count":1,"href":"https:\/\/dgospel.com.br\/portal\/index.php\/wp-json\/wp\/v2\/posts\/5228\/revisions"}],"predecessor-version":[{"id":5230,"href":"https:\/\/dgospel.com.br\/portal\/index.php\/wp-json\/wp\/v2\/posts\/5228\/revisions\/5230"}],"wp:featuredmedia":[{"embeddable":true,"href":"https:\/\/dgospel.com.br\/portal\/index.php\/wp-json\/wp\/v2\/media\/5229"}],"wp:attachment":[{"href":"https:\/\/dgospel.com.br\/portal\/index.php\/wp-json\/wp\/v2\/media?parent=5228"}],"wp:term":[{"taxonomy":"category","embeddable":true,"href":"https:\/\/dgospel.com.br\/portal\/index.php\/wp-json\/wp\/v2\/categories?post=5228"},{"taxonomy":"post_tag","embeddable":true,"href":"https:\/\/dgospel.com.br\/portal\/index.php\/wp-json\/wp\/v2\/tags?post=5228"}],"curies":[{"name":"wp","href":"https:\/\/api.w.org\/{rel}","templated":true}]}}