{"id":5231,"date":"2020-03-24T00:21:17","date_gmt":"2020-03-24T03:21:17","guid":{"rendered":"http:\/\/dgospel.com.br\/portal\/?p=5231"},"modified":"2020-03-24T00:21:18","modified_gmt":"2020-03-24T03:21:18","slug":"governador-mauro-carlesse-participa-de-videoconferencia-com-presidente-bolsonaro-para-discutir-novo-coronavirus","status":"publish","type":"post","link":"https:\/\/dgospel.com.br\/portal\/index.php\/2020\/03\/24\/governador-mauro-carlesse-participa-de-videoconferencia-com-presidente-bolsonaro-para-discutir-novo-coronavirus\/","title":{"rendered":"Governador Mauro Carlesse participa de videoconfer\u00eancia com presidente Bolsonaro para discutir novo Coronav\u00edrus"},"content":{"rendered":"\n<p>Governadores do Norte do Brasil, dentre eles o do Tocantins, Mauro Carlesse, participaram na tarde desta segunda-feira, 23, de videoconfer\u00eancia com o presidente da Rep\u00fablica do Brasil, Jair Bolsonaro, para tratar sobre a Covid-19, causada pelo novo Coronav\u00edrus.<\/p>\n\n\n\n<p>A reuni\u00e3o virtual, que foi convocada pela Secretaria de Governo da Presid\u00eancia da Rep\u00fablica e articulada pelo Cons\u00f3rcio de Governadores da Amaz\u00f4nia Legal, teve o objetivo de apresentar as diretrizes do governo federal para conter o avan\u00e7o do novo coronav\u00edrus e debater os impactos econ\u00f4micos provocados pela crise.<\/p>\n\n\n\n<p>O governador Mauro Carlesse discorreu durante a videoconfer\u00eancia sobre o trabalho que o Estado vem realizando na preven\u00e7\u00e3o ao novo Coronav\u00edrus e destacou como importante o alinhamento entre os estados e o governo federal. \u201cFoi a chance que tivemos tamb\u00e9m para discutir sobre a libera\u00e7\u00e3o dos recursos do empr\u00e9stimo que o Estado est\u00e1 em vias de firmar com a Caixa Econ\u00f4mica Federal. Mas do que nunca esse dinheiro \u00e9 necess\u00e1rio para que a gente consiga manter o equil\u00edbrio da nossa economia e ter condi\u00e7\u00f5es de gerar mais de 20 mil postos de trabalho ap\u00f3s o fim dessa pandemia\u201d, assegurou.<\/p>\n\n\n\n<p>O secret\u00e1rio de Estado da Fazenda e Planejamento (Sefaz), Sandro Armando, fez uma avalia\u00e7\u00e3o da videoconfer\u00eancia. \u201cHouve um posicionamento do governo federal e dos seus ministros quanto a quest\u00f5es pendentes, e foram anunciadas algumas medidas de socorro aos estados, como a suspens\u00e3o pelo prazo de seis meses das d\u00edvidas do Estados com a Uni\u00e3o e com os bancos estatais. Para o Tocantins isso representa algo em torno de R$ 120 milh\u00f5es. Isso vai aliviar o caixa do Estado. A gente considera que s\u00e3o medidas positivas e que v\u00e3o nos dar for\u00e7a para cuidar da popula\u00e7\u00e3o e investir nas \u00e1reas essenciais, al\u00e9m de manter em dia o sal\u00e1rio dos servidores\u201d, afirmou.<\/p>\n\n\n\n<p>O presidente Jair Bolsonaro destacou que pretende cooperar com os governadores e fez uma fala otimista sobre o sucesso que o Brasil obter\u00e1 no combate ao novo Coronav\u00edrus, mas destacou que o governo trabalha para evitar um colapso econ\u00f4mico que pode gerar mais desempregos no pa\u00eds.<\/p>\n\n\n\n<p>Entre as medidas apresentadas pelo presidente Bolsonaro est\u00e1 um plano de R$ 85,8 bilh\u00f5es para fortalecer estados e munic\u00edpios que inclui, entre outras propostas, aumento do repasse de transfer\u00eancia para a Sa\u00fade, recomposi\u00e7\u00e3o do Fundo de Participa\u00e7\u00e3o dos Estados (FPE) e do Fundo de Participa\u00e7\u00e3o dos Munic\u00edpios (FPM); suspens\u00e3o de d\u00edvidas dos Estados com a Uni\u00e3o; e mudan\u00e7as no Pacto Federativo.<\/p>\n\n\n\n<p><strong>Previs\u00e3o<\/strong><\/p>\n\n\n\n<p>De acordo com o Minist\u00e9rio da Sa\u00fade (MS), o m\u00eas de abril deve alcan\u00e7ar o pico m\u00e1ximo de atendimentos no sistema de sa\u00fade brasileiro. No \u00faltimo boletim divulgado pela Secretaria de Estado da Sa\u00fade (SES) nesse domingo, 22, apontou que o Tocantins conta com 5 pacientes infectados pela Covid-19 e 64 casos suspeitos.<\/p>\n\n\n\n<p><strong>Videoconfer\u00eancia<\/strong><\/p>\n\n\n\n<p>Acompanharam o governador Mauro Carlesse durante a videoconfer\u00eancia com o presidente Jair Bolsonaro, os secret\u00e1rios de Estado da Sa\u00fade, Edgar Tollini; da Comunica\u00e7\u00e3o, \u00c9lcio Mendes; da Fazenda e Planejamento, Sandro Armando; da Governadoria, Divino Allan; da Casa Civil, Rolf Vidal; e da Casa Militar, coronel Silva Neto.<\/p>\n","protected":false},"excerpt":{"rendered":"<p>Governadores do Norte do Brasil, dentre eles o do Tocantins, Mauro Carlesse, participaram na tarde desta segunda-feira, 23, de videoconfer\u00eancia com o presidente da Rep\u00fablica do Brasil, Jair Bolsonaro, para tratar sobre a Covid-19, causada pelo novo Coronav\u00edrus. A reuni\u00e3o virtual, que foi convocada pela Secretaria de Governo da Presid\u00eancia da Rep\u00fablica e articulada pelo [&hellip;]<\/p>\n","protected":false},"author":2,"featured_media":5232,"comment_status":"open","ping_status":"open","sticky":false,"template":"","format":"standard","meta":[],"categories":[4],"tags":[],"_links":{"self":[{"href":"https:\/\/dgospel.com.br\/portal\/index.php\/wp-json\/wp\/v2\/posts\/5231"}],"collection":[{"href":"https:\/\/dgospel.com.br\/portal\/index.php\/wp-json\/wp\/v2\/posts"}],"about":[{"href":"https:\/\/dgospel.com.br\/portal\/index.php\/wp-json\/wp\/v2\/types\/post"}],"author":[{"embeddable":true,"href":"https:\/\/dgospel.com.br\/portal\/index.php\/wp-json\/wp\/v2\/users\/2"}],"replies":[{"embeddable":true,"href":"https:\/\/dgospel.com.br\/portal\/index.php\/wp-json\/wp\/v2\/comments?post=5231"}],"version-history":[{"count":1,"href":"https:\/\/dgospel.com.br\/portal\/index.php\/wp-json\/wp\/v2\/posts\/5231\/revisions"}],"predecessor-version":[{"id":5233,"href":"https:\/\/dgospel.com.br\/portal\/index.php\/wp-json\/wp\/v2\/posts\/5231\/revisions\/5233"}],"wp:featuredmedia":[{"embeddable":true,"href":"https:\/\/dgospel.com.br\/portal\/index.php\/wp-json\/wp\/v2\/media\/5232"}],"wp:attachment":[{"href":"https:\/\/dgospel.com.br\/portal\/index.php\/wp-json\/wp\/v2\/media?parent=5231"}],"wp:term":[{"taxonomy":"category","embeddable":true,"href":"https:\/\/dgospel.com.br\/portal\/index.php\/wp-json\/wp\/v2\/categories?post=5231"},{"taxonomy":"post_tag","embeddable":true,"href":"https:\/\/dgospel.com.br\/portal\/index.php\/wp-json\/wp\/v2\/tags?post=5231"}],"curies":[{"name":"wp","href":"https:\/\/api.w.org\/{rel}","templated":true}]}}