{"id":5238,"date":"2020-03-25T13:14:45","date_gmt":"2020-03-25T16:14:45","guid":{"rendered":"http:\/\/dgospel.com.br\/portal\/?p=5238"},"modified":"2020-03-25T13:14:47","modified_gmt":"2020-03-25T16:14:47","slug":"procon-tocantins-autua-farmacia-por-aumento-injustificado-no-preco-de-mascaras-em-palmas","status":"publish","type":"post","link":"https:\/\/dgospel.com.br\/portal\/index.php\/2020\/03\/25\/procon-tocantins-autua-farmacia-por-aumento-injustificado-no-preco-de-mascaras-em-palmas\/","title":{"rendered":"Procon Tocantins autua farm\u00e1cia por aumento injustificado no pre\u00e7o de m\u00e1scaras em Palmas"},"content":{"rendered":"\n<p>O Procon Tocantins autuou uma farm\u00e1cia na regi\u00e3o sul de Palmas,&nbsp;na tarde dessa ter\u00e7a-feira, 24, por aumento injustificado no pre\u00e7o de m\u00e1scaras. A den\u00fancia foi realizada por um consumidor que apresentou o cupom fiscal comprovando o aumento abusivo.<\/p>\n\n\n\n<p>O consumidor relatou que no \u00faltimo dia 14, comprou uma m\u00e1scara na Drogaria Gen\u00e9rica em Taquaralto, no valor de R$ 4,99. No mesmo dia ao retornar para comprar outra unidade, o produto j\u00e1 estava no valor de R$ 6.99.<\/p>\n\n\n\n<p>A equipe de fiscaliza\u00e7\u00e3o do Procon Tocantins esteve no local e constatou que a drogaria permaneceu adquirindo do fabricante as m\u00e1scaras no mesmo valor, desta forma n\u00e3o havia justificativa para o aumento.<\/p>\n\n\n\n<p>O art. 39 do C\u00f3digo de Defesa do Consumidor (CDC) pro\u00edbe o fornecedor de produtos ou servi\u00e7os realizar pr\u00e1ticas abusivas que lesam o consumidor. O superintendente do Procon, Walter Viana, explica que \u00e9 proibido exigir do consumidor vantagem manifestamente excessiva ou elevar sem justa causa o pre\u00e7o de produtos ou servi\u00e7o.<\/p>\n\n\n\n<p>\u201c\u00c9 inadmiss\u00edvel esta conduta. O pre\u00e7o de custo de cada m\u00e1scara \u00e9 de R$ 2.00 e o lucro obtido era de quase 250%. Diante da calamidade, pandemia do novo Coronav\u00edrus que vivemos e com a aus\u00eancia de m\u00e1scaras no mercado a empresa aproveitou desta situa\u00e7\u00e3o para ajustar este valor\u201d, afirmou Walter&nbsp;Viana.<\/p>\n\n\n\n<p><strong>Den\u00fancia<\/strong><\/p>\n\n\n\n<p>O gerente de fiscaliza\u00e7\u00e3o, Magno Silva, orienta o consumidor a denunciar. \u201cAo perceber qualquer&nbsp;irregularidade, o consumidor deve fazer a den\u00fancia junto ao Procon&nbsp;Tocantins por meio do&nbsp; Disque 151, ou pelo Whats Den\u00fancia no (63) 99216-6840\u201d, destacou&nbsp;Magno Silva.<\/p>\n","protected":false},"excerpt":{"rendered":"<p>O Procon Tocantins autuou uma farm\u00e1cia na regi\u00e3o sul de Palmas,&nbsp;na tarde dessa ter\u00e7a-feira, 24, por aumento injustificado no pre\u00e7o de m\u00e1scaras. A den\u00fancia foi realizada por um consumidor que apresentou o cupom fiscal comprovando o aumento abusivo. O consumidor relatou que no \u00faltimo dia 14, comprou uma m\u00e1scara na Drogaria Gen\u00e9rica em Taquaralto, no [&hellip;]<\/p>\n","protected":false},"author":2,"featured_media":5239,"comment_status":"open","ping_status":"open","sticky":false,"template":"","format":"standard","meta":[],"categories":[3],"tags":[],"_links":{"self":[{"href":"https:\/\/dgospel.com.br\/portal\/index.php\/wp-json\/wp\/v2\/posts\/5238"}],"collection":[{"href":"https:\/\/dgospel.com.br\/portal\/index.php\/wp-json\/wp\/v2\/posts"}],"about":[{"href":"https:\/\/dgospel.com.br\/portal\/index.php\/wp-json\/wp\/v2\/types\/post"}],"author":[{"embeddable":true,"href":"https:\/\/dgospel.com.br\/portal\/index.php\/wp-json\/wp\/v2\/users\/2"}],"replies":[{"embeddable":true,"href":"https:\/\/dgospel.com.br\/portal\/index.php\/wp-json\/wp\/v2\/comments?post=5238"}],"version-history":[{"count":1,"href":"https:\/\/dgospel.com.br\/portal\/index.php\/wp-json\/wp\/v2\/posts\/5238\/revisions"}],"predecessor-version":[{"id":5240,"href":"https:\/\/dgospel.com.br\/portal\/index.php\/wp-json\/wp\/v2\/posts\/5238\/revisions\/5240"}],"wp:featuredmedia":[{"embeddable":true,"href":"https:\/\/dgospel.com.br\/portal\/index.php\/wp-json\/wp\/v2\/media\/5239"}],"wp:attachment":[{"href":"https:\/\/dgospel.com.br\/portal\/index.php\/wp-json\/wp\/v2\/media?parent=5238"}],"wp:term":[{"taxonomy":"category","embeddable":true,"href":"https:\/\/dgospel.com.br\/portal\/index.php\/wp-json\/wp\/v2\/categories?post=5238"},{"taxonomy":"post_tag","embeddable":true,"href":"https:\/\/dgospel.com.br\/portal\/index.php\/wp-json\/wp\/v2\/tags?post=5238"}],"curies":[{"name":"wp","href":"https:\/\/api.w.org\/{rel}","templated":true}]}}