{"id":524,"date":"2018-06-13T00:19:20","date_gmt":"2018-06-13T03:19:20","guid":{"rendered":"http:\/\/dgospel.com.br\/portal\/?p=524"},"modified":"2018-06-13T00:38:56","modified_gmt":"2018-06-13T03:38:56","slug":"com-cancer-no-pulmao-ludmila-ferber-diz-nada-vai-roubar-o-folego-de-vida","status":"publish","type":"post","link":"https:\/\/dgospel.com.br\/portal\/index.php\/2018\/06\/13\/com-cancer-no-pulmao-ludmila-ferber-diz-nada-vai-roubar-o-folego-de-vida\/","title":{"rendered":"Com c\u00e2ncer no pulm\u00e3o, Ludmila Ferber diz: &#8220;Nada vai roubar o f\u00f4lego de vida&#8221;"},"content":{"rendered":"<p><iframe loading=\"lazy\" title=\"Pastora Ludmila Ferber revela c\u00e2ncer no pulm\u00e3o e j\u00e1 testifica o milagre!!!\" width=\"630\" height=\"354\" src=\"https:\/\/www.youtube.com\/embed\/4hzeY0S-Z-8?feature=oembed\" frameborder=\"0\" allow=\"accelerometer; autoplay; encrypted-media; gyroscope; picture-in-picture\" allowfullscreen><\/iframe><\/p>\n<p>A pastora e cantora Ludmila Ferber, que foi\u00a0<strong><a href=\"https:\/\/guiame.com.br\/gospel\/mundo-cristao\/ludmila-ferber-fala-sobre-sua-luta-contra-o-cancer-estou-no-caminho-do-milagre.html\">diagnosticada com c\u00e2ncer<\/a><\/strong>, anunciou seu estado no dia 16 de maio. Agora, ela revelou em que parte do seu corpo a doen\u00e7a afetou. Em uma recente ministra\u00e7\u00e3o ela disse que o resultado dos exames apresentou c\u00e2ncer no pulm\u00e3o.<\/p>\n<p>Durante sua fala, ela conta que j\u00e1 possui a cura e que aguarda a manifesta\u00e7\u00e3o dela, por ordem de Deus. \u201cEst\u00e1 consumada a vit\u00f3ria. O diagn\u00f3stico diz basicamente, e eu vou falar aqui por edifica\u00e7\u00e3o, n\u00e3o tenho a menor vontade de falar sobre isso\u201d, ressaltou ela aos presentes.<\/p>\n<p>\u201cMas eu sei que Deus quer me usar em todo esse caminho e na hora que Ele quiser, Ele vai dizer: \u2018Manifesta o que j\u00e1 est\u00e1 em voc\u00ea, a cura. Manifesto o que j\u00e1 est\u00e1 em voc\u00ea\u2019\u201d, colocou.<\/p>\n<p>\u201cQuem diria que basicamente O diagn\u00f3stico \u00e9 no pulm\u00e3o? Agora me diga se algu\u00e9m de p\u00e9 agora, se esgoelando, se tem alguma coisa?\u201d, questionou. Ela come\u00e7a a bradar forte: \u201cPorque Deus, porque o sobrenatural de Deus, porque nada e nem ningu\u00e9m vai calar a nossa f\u00e9 ou roubar o nosso f\u00f4lego de vida\u201d.<\/p>\n<p>Ludmila ainda salienta que as dores s\u00e3o momentos que precedem vit\u00f3rias. \u201cN\u00e3o existe nada imposs\u00edvel para Deus. Nada! O teu desafio, a tua dor, tua guerra insana e louca. Seja o que for que se chame do nome de \u2018imposs\u00edvel\u2019, receba agora\u201d, disse ela sobre a cura.<\/p>\n<p>\u201cPorque o imposs\u00edvel \u00e9 simplesmente o pren\u00fancio do maior milagre de Deus na sua vida, para a gl\u00f3ria do nome do Senhor Jesus\u201d, disse.<\/p>\n<p><strong>O an\u00fancio<\/strong><\/p>\n<p>Anteriormente, a cantora havia compartilhado em suas redes sociais: \u201cHoje estou entrando em um momento \u00fanico e surpreendente da minha vida: o tratamento de quimioterapia. Mas, ainda que o ritmo de viagens para ministra\u00e7\u00f5es diminua durante um tempo, meu minist\u00e9rio n\u00e3o parou\u201d.<\/p>\n<p>\u201cMinha vida n\u00e3o parou. E nem vai parar\u201d, salientou ela.\u00a0\u201cSou grata por todo amor e apoio que tenho recebido desde o diagn\u00f3stico e creio que j\u00e1 estou no caminho do meu milagre. Essa \u00e9 a hora de profetizar profundamente as can\u00e7\u00f5es que t\u00eam aben\u00e7oado a tantos por todos esses anos\u201d, ressaltou.<\/p>\n<p>&nbsp;<\/p>\n<p>FONTE: GUIAME<\/p>\n","protected":false},"excerpt":{"rendered":"<p>A pastora e cantora Ludmila Ferber, que foi\u00a0diagnosticada com c\u00e2ncer, anunciou seu estado no dia 16 de maio. Agora, ela revelou em que parte do seu corpo a doen\u00e7a afetou. Em uma recente ministra\u00e7\u00e3o ela disse que o resultado dos exames apresentou c\u00e2ncer no pulm\u00e3o. Durante sua fala, ela conta que j\u00e1 possui a cura [&hellip;]<\/p>\n","protected":false},"author":2,"featured_media":525,"comment_status":"open","ping_status":"open","sticky":false,"template":"","format":"standard","meta":[],"categories":[2,5],"tags":[],"_links":{"self":[{"href":"https:\/\/dgospel.com.br\/portal\/index.php\/wp-json\/wp\/v2\/posts\/524"}],"collection":[{"href":"https:\/\/dgospel.com.br\/portal\/index.php\/wp-json\/wp\/v2\/posts"}],"about":[{"href":"https:\/\/dgospel.com.br\/portal\/index.php\/wp-json\/wp\/v2\/types\/post"}],"author":[{"embeddable":true,"href":"https:\/\/dgospel.com.br\/portal\/index.php\/wp-json\/wp\/v2\/users\/2"}],"replies":[{"embeddable":true,"href":"https:\/\/dgospel.com.br\/portal\/index.php\/wp-json\/wp\/v2\/comments?post=524"}],"version-history":[{"count":3,"href":"https:\/\/dgospel.com.br\/portal\/index.php\/wp-json\/wp\/v2\/posts\/524\/revisions"}],"predecessor-version":[{"id":535,"href":"https:\/\/dgospel.com.br\/portal\/index.php\/wp-json\/wp\/v2\/posts\/524\/revisions\/535"}],"wp:featuredmedia":[{"embeddable":true,"href":"https:\/\/dgospel.com.br\/portal\/index.php\/wp-json\/wp\/v2\/media\/525"}],"wp:attachment":[{"href":"https:\/\/dgospel.com.br\/portal\/index.php\/wp-json\/wp\/v2\/media?parent=524"}],"wp:term":[{"taxonomy":"category","embeddable":true,"href":"https:\/\/dgospel.com.br\/portal\/index.php\/wp-json\/wp\/v2\/categories?post=524"},{"taxonomy":"post_tag","embeddable":true,"href":"https:\/\/dgospel.com.br\/portal\/index.php\/wp-json\/wp\/v2\/tags?post=524"}],"curies":[{"name":"wp","href":"https:\/\/api.w.org\/{rel}","templated":true}]}}