{"id":5247,"date":"2020-03-25T23:22:37","date_gmt":"2020-03-26T02:22:37","guid":{"rendered":"http:\/\/dgospel.com.br\/portal\/?p=5247"},"modified":"2020-03-25T23:22:38","modified_gmt":"2020-03-26T02:22:38","slug":"covid-19-palmas-continua-com-sete-casos-confirmados-e-descarta-65-nesta-quarta-feira-25","status":"publish","type":"post","link":"https:\/\/dgospel.com.br\/portal\/index.php\/2020\/03\/25\/covid-19-palmas-continua-com-sete-casos-confirmados-e-descarta-65-nesta-quarta-feira-25\/","title":{"rendered":"Covid-19: Palmas continua com sete casos confirmados e descarta 65 nesta quarta-feira, 25"},"content":{"rendered":"\n<p>Pelo segundo dia consecutivo Palmas n\u00e3o confirma novos casos de Coronav\u00edrus (Covid-19). Nesta quarta-feira, 25, o Boletim Epidemiol\u00f3gico traz sete casos confirmados, 49 investigados e descarta 65. A publica\u00e7\u00e3o \u00e9 feita diariamente pelo Centro de Opera\u00e7\u00f5es de Emerg\u00eancia em Sa\u00fade (COE-Palmas Covid-19), colocando \u00e0 disposi\u00e7\u00e3o da sociedade as \u00faltimas informa\u00e7\u00f5es sobre a pandemia e tamb\u00e9m quais s\u00e3o as medidas de enfrentamento ao problema no Munic\u00edpio.<\/p>\n\n\n\n<p>&nbsp;<br><strong>Assist\u00eancia \u00e0 popula\u00e7\u00e3o em situa\u00e7\u00e3o de rua<\/strong><\/p>\n\n\n\n<p>A equipe multidisciplinar do programa \u2018Consult\u00f3rio na Rua\u2019, em articula\u00e7\u00e3o com a Secretaria Municipal de Desenvolvimento Social (Sedes), est\u00e1 realiza\u00e7\u00e3o rondas nas ruas da Capital para oferecer \u00e0s pessoas que vivem em situa\u00e7\u00e3o de rua orienta\u00e7\u00f5es sobre o novo Coronav\u00edrus (Covid-19). Esse p\u00fablico est\u00e1 sendo orientado sobre a higieniza\u00e7\u00e3o correta das m\u00e3os e recebendo kits de higiene, marmitas, al\u00e9m de orienta\u00e7\u00f5es sobre a administra\u00e7\u00e3o de medicamentos que \u00e9 feita rotineiramente pelos profissionais.<\/p>\n\n\n\n<p><strong>Kit com alimenta\u00e7\u00e3o para alunos em situa\u00e7\u00e3o de vulnerabilidade&nbsp;<\/strong><\/p>\n\n\n\n<p>A Secretaria Municipal da Educa\u00e7\u00e3o (Semed|) concluiu na manh\u00e3 dessa quarta-feira, 25, a montagem de kits com alimenta\u00e7\u00e3o para os alunos em situa\u00e7\u00e3o de vulnerabilidade social e inscritos nos programas de prote\u00e7\u00e3o social do Governo Federal.&nbsp;&nbsp;<\/p>\n\n\n\n<p>A log\u00edstica de entrega ser\u00e1 feita pela Secretaria Municipal de Desenvolvimento Social (Sedes) aos alunos inscritos no Cadastro \u00danico (CAD\u00danico) do Governo Federal. Essa distribui\u00e7\u00e3o ter\u00e1 inicio nos pr\u00f3ximos dias e receber\u00e1 tamb\u00e9m o apoio da Guarda Metropolitana de Palmas (GMP).&nbsp;<\/p>\n","protected":false},"excerpt":{"rendered":"<p>Pelo segundo dia consecutivo Palmas n\u00e3o confirma novos casos de Coronav\u00edrus (Covid-19). Nesta quarta-feira, 25, o Boletim Epidemiol\u00f3gico traz sete casos confirmados, 49 investigados e descarta 65. A publica\u00e7\u00e3o \u00e9 feita diariamente pelo Centro de Opera\u00e7\u00f5es de Emerg\u00eancia em Sa\u00fade (COE-Palmas Covid-19), colocando \u00e0 disposi\u00e7\u00e3o da sociedade as \u00faltimas informa\u00e7\u00f5es sobre a pandemia e tamb\u00e9m [&hellip;]<\/p>\n","protected":false},"author":2,"featured_media":5248,"comment_status":"open","ping_status":"open","sticky":false,"template":"","format":"standard","meta":[],"categories":[3],"tags":[],"_links":{"self":[{"href":"https:\/\/dgospel.com.br\/portal\/index.php\/wp-json\/wp\/v2\/posts\/5247"}],"collection":[{"href":"https:\/\/dgospel.com.br\/portal\/index.php\/wp-json\/wp\/v2\/posts"}],"about":[{"href":"https:\/\/dgospel.com.br\/portal\/index.php\/wp-json\/wp\/v2\/types\/post"}],"author":[{"embeddable":true,"href":"https:\/\/dgospel.com.br\/portal\/index.php\/wp-json\/wp\/v2\/users\/2"}],"replies":[{"embeddable":true,"href":"https:\/\/dgospel.com.br\/portal\/index.php\/wp-json\/wp\/v2\/comments?post=5247"}],"version-history":[{"count":1,"href":"https:\/\/dgospel.com.br\/portal\/index.php\/wp-json\/wp\/v2\/posts\/5247\/revisions"}],"predecessor-version":[{"id":5249,"href":"https:\/\/dgospel.com.br\/portal\/index.php\/wp-json\/wp\/v2\/posts\/5247\/revisions\/5249"}],"wp:featuredmedia":[{"embeddable":true,"href":"https:\/\/dgospel.com.br\/portal\/index.php\/wp-json\/wp\/v2\/media\/5248"}],"wp:attachment":[{"href":"https:\/\/dgospel.com.br\/portal\/index.php\/wp-json\/wp\/v2\/media?parent=5247"}],"wp:term":[{"taxonomy":"category","embeddable":true,"href":"https:\/\/dgospel.com.br\/portal\/index.php\/wp-json\/wp\/v2\/categories?post=5247"},{"taxonomy":"post_tag","embeddable":true,"href":"https:\/\/dgospel.com.br\/portal\/index.php\/wp-json\/wp\/v2\/tags?post=5247"}],"curies":[{"name":"wp","href":"https:\/\/api.w.org\/{rel}","templated":true}]}}