{"id":5250,"date":"2020-03-25T23:48:15","date_gmt":"2020-03-26T02:48:15","guid":{"rendered":"http:\/\/dgospel.com.br\/portal\/?p=5250"},"modified":"2020-03-25T23:48:17","modified_gmt":"2020-03-26T02:48:17","slug":"bolsonaro-diz-que-doria-nao-e-exemplo-para-ninguem","status":"publish","type":"post","link":"https:\/\/dgospel.com.br\/portal\/index.php\/2020\/03\/25\/bolsonaro-diz-que-doria-nao-e-exemplo-para-ninguem\/","title":{"rendered":"Bolsonaro diz que Doria \u201cn\u00e3o \u00e9 exemplo para ningu\u00e9m\u201d"},"content":{"rendered":"\n<p>No primeiro embate direto desde a chegada ao Brasil da pandemia do coronav\u00edrus, o presidente Jair Bolsonaro (sem partido) e o governador Jo\u00e3o Doria (PSDB-SP) trocaram acusa\u00e7\u00f5es duras sobre a condu\u00e7\u00e3o da crise sanit\u00e1ria.<\/p>\n\n\n\n<p>Bolsonaro disse que o tucano n\u00e3o tem autoridade para critic\u00e1-lo ap\u00f3s ter sido eleito em 2018 com sua ajuda e, depois, de ter lhe virado as costas. J\u00e1 o Doria cobrou \u201cserenidade, calma e equil\u00edbrio\u201d, e amea\u00e7ou ir \u00e0 Justi\u00e7a se o governo federal confiscar respiradores mec\u00e2nicos para doentes graves com Covid-19.<\/p>\n\n\n\n<p>O duelo ocorreu durante a tensa videoconfer\u00eancia na qual Doria e os outros governadores do Sudeste, Wilson Witzel (PSC-RJ), Romeu Zema (Novo-MG) e Renato Casagrande (PSB-ES) discutiram a emerg\u00eancia nacional do v\u00edrus.<\/p>\n\n\n\n<p>\u2013 Subiu \u00e0 sua cabe\u00e7a a possibilidade de ser presidente do Brasil. N\u00e3o tem responsabilidade. N\u00e3o tem altura para criticar o governo federal. Se voc\u00ea n\u00e3o atrapalhar, o Brasil vai decolar e conseguir sair da crise. Saia do palanque \u2013 disse o presidente ao tucano.<\/p>\n\n\n\n<p>A discuss\u00e3o ocorreu depois de uma considera\u00e7\u00e3o final de Doria ao fim do encontro.<\/p>\n\n\n\n<p>\u2013 Pe\u00e7o que o senhor tenha serenidade, calma e equil\u00edbrio. Mais do que nunca, o senhor precisa comandar o pa\u00eds \u2013 disse Doria.<\/p>\n\n\n\n<p>Bolsonaro respondeu.<\/p>\n\n\n\n<p>\u2013 N\u00e3o aceito em hip\u00f3tese nenhuma essas palavras levianas, como se vossa excel\u00eancia fosse o respons\u00e1vel por tudo o que acontece de bom no Brasil \u2013 disse Bolsonaro, ladeado pelos ministros Luiz Henrique Mandetta (Sa\u00fade) e Paulo Guedes (Economia).<\/p>\n\n\n\n<p>E continuou.<\/p>\n\n\n\n<p>\u2013 [Doria] acusa, levianamente, esse presidente que trabalha 24 horas por dia. N\u00e3o aceitamos essa demagogia barata. Vossa excel\u00eancia n\u00e3o \u00e9 exemplo para ningu\u00e9m. Senhor governador Jo\u00e3o Doria, fa\u00e7a sua parte \u2013 finalizou, questionando se o tucano tinha permiss\u00e3o de agir como \u201cporta-voz dos governadores.<\/p>\n\n\n\n<p>No final da manh\u00e3, Doria postou no Twitter sua vers\u00e3o dos fatos. Disse que apresentou suas propostas na exposi\u00e7\u00e3o inicial.<\/p>\n\n\n\n<p>\u201cRecebi como resposta um ataque descontrolado do presidente. Ao inv\u00e9s de discutir medidas para salvar vidas, preferiu falar sobre pol\u00edtica e elei\u00e7\u00f5es. Lament\u00e1vel e preocupante\u201d, escereveu.<\/p>\n\n\n\n<p>Ainda no ambiente das redes sociais, o filho presidencial Carlos, vereador no Rio e gestor da estrat\u00e9gia digital do pai, disse que Doria \u201cse coloca de v\u00edtima diante do \u00f3bvio\u201d. Voltou a o chamar de \u201cisent\u00e3o\u201d e \u201cMacron brasileiro\u201d, em refer\u00eancia ao presidente franc\u00eas, Emmanuel Macron.<\/p>\n\n\n\n<p>Antes, o tucano insistiu que n\u00e3o deve haver confisco de respiradores mec\u00e2nicos para casos graves da Covid-19.<\/p>\n\n\n\n<p>\u2013 N\u00e3o \u00e9 hora aqui de termos quest\u00f5es burocr\u00e1ticas impedindo a acelera\u00e7\u00e3o da importa\u00e7\u00e3o de equipamentos e insumos necess\u00e1rios \u00e0 sa\u00fade p\u00fablica. Pe\u00e7o ao ministro da Sa\u00fade, a\u00ed a seu lado, que compreenda que S\u00e3o Paulo \u00e9 o epicentro da crise. N\u00e3o confiscar respiradores. Se essa decis\u00e3o for mantida, informo que tomaremos as medidas necess\u00e1rias no plano judicial \u2013 afirmou o tucano.<\/p>\n\n\n\n<p>Segundo participantes da reuni\u00e3o, o tucano recomendou equil\u00edbrio ao presidente. Irritado, Bolsonaro afirmou que o Doria usou seu nome para se eleger e depois virou as costas como fez com os demais apoiadores.<\/p>\n\n\n\n<p>A refer\u00eancia do presidente \u00e9 em rela\u00e7\u00e3o ao chamado BolsoDoria, quando o tucano declarou apoio e fez campanha para Bolsonaro no segundo turno da disputa presidencial de 2018. Eles romperam a rela\u00e7\u00e3o pol\u00edtica logo no in\u00edcio de seus mandatos.<\/p>\n\n\n\n<p>O governador de S\u00e3o Paulo criticou o pronunciamento de Bolsonaro na noite de ter\u00e7a (24) logo no come\u00e7o da sua fala.<\/p>\n\n\n\n<p>\u2013 Inicio na condi\u00e7\u00e3o de cidad\u00e3o, de brasileiro e de governador de S\u00e3o Paulo, lamentando os termos do seu pronunciamento ontem \u00e0 noite \u00e0 na\u00e7\u00e3o. Estamos aqui, os quatro governadores do Sudeste em respeito ao Brasil e aos brasileiros, e em respeito ao di\u00e1logo e ao entendimento. Mas o senhor que \u00e9 o presidente da Rep\u00fablica tem que dar o exemplo, e tem que ser o mandat\u00e1rio a dirigir, a comandar e liderar o pa\u00eds e n\u00e3o para dividir \u2013 disse o governador em sua fala inicial.<\/p>\n\n\n\n<p>Assim como Doria, os demais governadores lamentaram as declara\u00e7\u00f5es de v\u00e9spera do presidente. Witzel disse que n\u00e3o seguir\u00e1 as orienta\u00e7\u00f5es do presidente.<\/p>\n\n\n\n<p>J\u00e1 Casagrande disse que nunca desejou tanto que um presidente estivesse certo em seu pronunciamento. Mas que, por quest\u00e3o de responsabilidade, n\u00e3o poderia pagar para ver. Ele tamb\u00e9m criticou as orienta\u00e7\u00f5es dadas por Bolsonaro.<\/p>\n\n\n\n<p>\u2013 Temos seguido a OMS (Organiza\u00e7\u00e3o Mundial de Sa\u00fade) e na hora que o presidente opina e tira o valor da pandemia, causa uma confus\u00e3o e uma d\u00favida nas pessoas, podendo atrapalhar o trabalho dificultando nossa a\u00e7\u00e3o. A d\u00favida e incerteza \u00e9 a porta do fracasso. Muito bom que a gente possa ter essa reuni\u00e3o para que o governo federal assuma a responsabilidade e, juntos, diminuamos o impacto social, econ\u00f4mico e na sa\u00fade \u2013 afirmou Casagrande.<\/p>\n\n\n\n<p>Na reuni\u00e3o desta quarta (25), os governadores pediram a Bolsonaro que aumente para 12 meses o prazo de suspens\u00e3o da d\u00edvidas dos estados com a Uni\u00e3o. S\u00e3o Paulo e Bahia haviam obtido no Supremo Tribunal Federal decis\u00e3o liberando o pagamento por seis meses.<\/p>\n\n\n\n<p>Os gestores tamb\u00e9m pediram a antecipa\u00e7\u00e3o do pagamento de parcelas da Lei Kandir, a recomposi\u00e7\u00e3o do Fundo de Participa\u00e7\u00e3o dos Estados a renegocia\u00e7\u00e3o de d\u00edvidas dos estados com organismos internacionais. Este tamb\u00e9m foi o pleito de governadores de outras regi\u00f5es.<\/p>\n\n\n\n<p>Durante a tarde, em entrevista \u00e0 imprensa, Doria voltou a comentar o embate com Bolsonaro e chamou seu pronunciamento na ter\u00e7a de \u201cgrave equ\u00edvoco\u201d.<\/p>\n\n\n\n<p>\u2013 Para os brasileiros de S\u00e3o Paulo, e eu represento 46 milh\u00f5es de brasileiros, a interven\u00e7\u00e3o do presidente Jair Bolsonaro e o conte\u00fado daquilo que ele disse foi absolutamente equivocado e em dissintonia inclusive com orienta\u00e7\u00f5es do pr\u00f3prio Minist\u00e9rio da Sa\u00fade \u2013 afirmou Doria.<\/p>\n\n\n\n<p>Para Doria, Bolsonaro \u201cperdeu oportunidade de fazer pronunciamento sereno e demonstrar preocupa\u00e7\u00e3o com as vidas\u201d. O tucano lamentou que o presidente prefira ouvir o gabinete do \u00f3dio do que o do bom senso.<\/p>\n\n\n\n<p>O governador afirmou que, na reuni\u00e3o com Bolsonaro, externou sua decep\u00e7\u00e3o, mas sem fazer \u201ccoloca\u00e7\u00e3o de ordem pol\u00edtica\u201d ou alterar o tom de voz. Mas que Bolsonaro respondeu de forma \u201cintempestiva\u201d.<\/p>\n\n\n\n<p>\u2013 N\u00e3o \u00e9 hora de separatismos, n\u00e3o \u00e9 hora de rivalidades, \u00e9 hora de todos estarmos juntos no combate a esta grav\u00edssima crise (\u2026) Presidente, n\u00e3o politize a quest\u00e3o, n\u00e3o transforme isso em palanque pol\u00edtico, n\u00f3s n\u00e3o estamos transformando. Os 27 governadores estamos preocupados em salvar vidas \u2013 apontou.<\/p>\n\n\n\n<p>Questionado sobre haver uma disputa pol\u00edtica entre ele e Bolsonaro, Doria respondeu que \u201c\u00e9 uma briga pela vida\u201d.<\/p>\n\n\n\n<p>\u2013 Espero que o presidente Bolsonaro tenha humildade e recue nesse comportamento belicoso \u2013 destacou.<\/p>\n\n\n\n<p>O tucano evitou dar opini\u00e3o sobre eventual impeachment de Bolsonaro, afirmando que a decis\u00e3o cabe ao Congresso. Doria, por\u00e9m, afirmou com base em pesquisa Datafolha que Bolsonaro mais atrapalha do que ajuda na crise do coronav\u00edrus.<\/p>\n\n\n\n<p>Antes da v\u00eddeoconfer\u00eancia, Bolsonaro manteve nesta quarta-feira o tom adotado em seu pronunciamento da v\u00e9spera sobre a crise do novo coronav\u00edrus, criticou medidas tomadas por governadores de restri\u00e7\u00e3o de movimenta\u00e7\u00e3o de pessoas e defendeu o isolamento apenas para aqueles do chamado grupo de risco, como idosos.<\/p>\n\n\n\n<p>O n\u00famero de mortes por causa da Covid-19 subiu para 57 nesta ter\u00e7a-feira (24), segundo o Minist\u00e9rio da Sa\u00fade. \u00c9 o maior salto em um \u00fanico dia: 23. O primeiro \u00f3bito foi registrado no dia 17 deste m\u00eas. O pa\u00eds j\u00e1 soma, desde o in\u00edcio da crise do coronav\u00edrus, 2.433 confirma\u00e7\u00f5es da nova doen\u00e7a.<\/p>\n\n\n\n<p>Em todo o mundo, at\u00e9 agora, s\u00e3o quase 440 mil casos e 20 mil mortes pelo novo coronav\u00edrus.<\/p>\n\n\n\n<p>Parlamentares, entre eles o presidente do Senado, Davi Alcolumbre (DEM-AP), reagiram com perplexidade e irrita\u00e7\u00e3o ao pronunciamento em que o presidente criticou o fechamento de escolas, atacou governadores e culpou a imprensa pela crise provocada pelo coronav\u00edrus no Brasil.<\/p>\n\n\n\n<p>*Folhapress<\/p>\n","protected":false},"excerpt":{"rendered":"<p>No primeiro embate direto desde a chegada ao Brasil da pandemia do coronav\u00edrus, o presidente Jair Bolsonaro (sem partido) e o governador Jo\u00e3o Doria (PSDB-SP) trocaram acusa\u00e7\u00f5es duras sobre a condu\u00e7\u00e3o da crise sanit\u00e1ria. Bolsonaro disse que o tucano n\u00e3o tem autoridade para critic\u00e1-lo ap\u00f3s ter sido eleito em 2018 com sua ajuda e, depois, [&hellip;]<\/p>\n","protected":false},"author":2,"featured_media":5251,"comment_status":"open","ping_status":"open","sticky":false,"template":"","format":"standard","meta":[],"categories":[4],"tags":[],"_links":{"self":[{"href":"https:\/\/dgospel.com.br\/portal\/index.php\/wp-json\/wp\/v2\/posts\/5250"}],"collection":[{"href":"https:\/\/dgospel.com.br\/portal\/index.php\/wp-json\/wp\/v2\/posts"}],"about":[{"href":"https:\/\/dgospel.com.br\/portal\/index.php\/wp-json\/wp\/v2\/types\/post"}],"author":[{"embeddable":true,"href":"https:\/\/dgospel.com.br\/portal\/index.php\/wp-json\/wp\/v2\/users\/2"}],"replies":[{"embeddable":true,"href":"https:\/\/dgospel.com.br\/portal\/index.php\/wp-json\/wp\/v2\/comments?post=5250"}],"version-history":[{"count":1,"href":"https:\/\/dgospel.com.br\/portal\/index.php\/wp-json\/wp\/v2\/posts\/5250\/revisions"}],"predecessor-version":[{"id":5252,"href":"https:\/\/dgospel.com.br\/portal\/index.php\/wp-json\/wp\/v2\/posts\/5250\/revisions\/5252"}],"wp:featuredmedia":[{"embeddable":true,"href":"https:\/\/dgospel.com.br\/portal\/index.php\/wp-json\/wp\/v2\/media\/5251"}],"wp:attachment":[{"href":"https:\/\/dgospel.com.br\/portal\/index.php\/wp-json\/wp\/v2\/media?parent=5250"}],"wp:term":[{"taxonomy":"category","embeddable":true,"href":"https:\/\/dgospel.com.br\/portal\/index.php\/wp-json\/wp\/v2\/categories?post=5250"},{"taxonomy":"post_tag","embeddable":true,"href":"https:\/\/dgospel.com.br\/portal\/index.php\/wp-json\/wp\/v2\/tags?post=5250"}],"curies":[{"name":"wp","href":"https:\/\/api.w.org\/{rel}","templated":true}]}}