{"id":5253,"date":"2020-03-26T11:54:03","date_gmt":"2020-03-26T14:54:03","guid":{"rendered":"http:\/\/dgospel.com.br\/portal\/?p=5253"},"modified":"2020-03-26T11:54:04","modified_gmt":"2020-03-26T14:54:04","slug":"bolsonaro-decreta-templos-religiosos-como-parte-de-atividades-essenciais","status":"publish","type":"post","link":"https:\/\/dgospel.com.br\/portal\/index.php\/2020\/03\/26\/bolsonaro-decreta-templos-religiosos-como-parte-de-atividades-essenciais\/","title":{"rendered":"Bolsonaro decreta \u201ctemplos religiosos\u201d como parte de atividades essenciais"},"content":{"rendered":"\n<p>O presidente Jair Bolsonaro incluiu&nbsp;<a href=\"https:\/\/guiame.com.br\/gospel\/missoes-acao-social\/igrejas-se-oferecem-para-abrigar-moradores-de-rua-e-pessoas-infectadas-pelo-coronavirus.html\"><strong>templos religiosos<\/strong><\/a>&nbsp;na lista de atividades consideradas essenciais durante o per\u00edodo de quarentena devido \u00e0 pandemia do novo coronav\u00edrus no Brasil. O decreto foi publicado nesta quinta-feira (26) no Di\u00e1rio Oficial da Uni\u00e3o.<\/p>\n\n\n\n<p>A medida atualiza o decreto publicado no dia 20 de mar\u00e7o, estabelecendo regras \u201csobre o funcionamento de servi\u00e7os p\u00fablicos e atividades essenciais\u201d.<\/p>\n\n\n\n<p>Segundo o texto, \u201catividades religiosas de qualquer natureza, obedecidas as determina\u00e7\u00f5es do Minist\u00e9rio da Sa\u00fade\u201d.&nbsp;<\/p>\n\n\n\n<p>A abertura de templos religiosos est\u00e1 sendo restrita por muitos estados, para evitar a aglomera\u00e7\u00e3o e propaga\u00e7\u00e3o do Covid-19.<\/p>\n\n\n\n<p>Nesta quarta (25), o ministro da Sa\u00fade, Luiz Henrique Mandetta,&nbsp;<a href=\"https:\/\/guiame.com.br\/gospel\/noticias\/pastores-preguem-pessoas-precisam-pede-ministro-da-saude.html\"><strong>defendeu a reabertura das igrejas<\/strong><\/a>, pedindo apenas que os fi\u00e9is n\u00e3o se aglomerem. \u201cQue fiquem abertas, s\u00f3 n\u00e3o se aglomerem. Mas rezem, orem. F\u00e9 \u00e9 um elemento de melhora da alma, do esp\u00edrito\u201d, disse.<\/p>\n\n\n\n<p>Al\u00e9m de liberar o funcionamento dos templos religiosos, o novo decreto tamb\u00e9m torna essenciais servi\u00e7os como lot\u00e9ricas, fiscaliza\u00e7\u00e3o do trabalho, gera\u00e7\u00e3o e transmiss\u00e3o de energia, produ\u00e7\u00e3o de petr\u00f3leo, atividades de pesquisa cient\u00edfica e laboratoriais e atividades m\u00e9dico-periciais.<\/p>\n\n\n\n<p> FONTE: GUIAME, COM INFORMA\u00c7\u00d5ES DO UOL <\/p>\n","protected":false},"excerpt":{"rendered":"<p>O presidente Jair Bolsonaro incluiu&nbsp;templos religiosos&nbsp;na lista de atividades consideradas essenciais durante o per\u00edodo de quarentena devido \u00e0 pandemia do novo coronav\u00edrus no Brasil. O decreto foi publicado nesta quinta-feira (26) no Di\u00e1rio Oficial da Uni\u00e3o. A medida atualiza o decreto publicado no dia 20 de mar\u00e7o, estabelecendo regras \u201csobre o funcionamento de servi\u00e7os p\u00fablicos [&hellip;]<\/p>\n","protected":false},"author":2,"featured_media":5254,"comment_status":"open","ping_status":"open","sticky":false,"template":"","format":"standard","meta":[],"categories":[6,4],"tags":[],"_links":{"self":[{"href":"https:\/\/dgospel.com.br\/portal\/index.php\/wp-json\/wp\/v2\/posts\/5253"}],"collection":[{"href":"https:\/\/dgospel.com.br\/portal\/index.php\/wp-json\/wp\/v2\/posts"}],"about":[{"href":"https:\/\/dgospel.com.br\/portal\/index.php\/wp-json\/wp\/v2\/types\/post"}],"author":[{"embeddable":true,"href":"https:\/\/dgospel.com.br\/portal\/index.php\/wp-json\/wp\/v2\/users\/2"}],"replies":[{"embeddable":true,"href":"https:\/\/dgospel.com.br\/portal\/index.php\/wp-json\/wp\/v2\/comments?post=5253"}],"version-history":[{"count":1,"href":"https:\/\/dgospel.com.br\/portal\/index.php\/wp-json\/wp\/v2\/posts\/5253\/revisions"}],"predecessor-version":[{"id":5255,"href":"https:\/\/dgospel.com.br\/portal\/index.php\/wp-json\/wp\/v2\/posts\/5253\/revisions\/5255"}],"wp:featuredmedia":[{"embeddable":true,"href":"https:\/\/dgospel.com.br\/portal\/index.php\/wp-json\/wp\/v2\/media\/5254"}],"wp:attachment":[{"href":"https:\/\/dgospel.com.br\/portal\/index.php\/wp-json\/wp\/v2\/media?parent=5253"}],"wp:term":[{"taxonomy":"category","embeddable":true,"href":"https:\/\/dgospel.com.br\/portal\/index.php\/wp-json\/wp\/v2\/categories?post=5253"},{"taxonomy":"post_tag","embeddable":true,"href":"https:\/\/dgospel.com.br\/portal\/index.php\/wp-json\/wp\/v2\/tags?post=5253"}],"curies":[{"name":"wp","href":"https:\/\/api.w.org\/{rel}","templated":true}]}}