{"id":5256,"date":"2020-03-26T13:05:09","date_gmt":"2020-03-26T16:05:09","guid":{"rendered":"http:\/\/dgospel.com.br\/portal\/?p=5256"},"modified":"2020-03-26T13:05:11","modified_gmt":"2020-03-26T16:05:11","slug":"procon-tocantins-notifica-brk-para-que-prorrogue-prazo-de-suspensao-do-corte-de-agua","status":"publish","type":"post","link":"https:\/\/dgospel.com.br\/portal\/index.php\/2020\/03\/26\/procon-tocantins-notifica-brk-para-que-prorrogue-prazo-de-suspensao-do-corte-de-agua\/","title":{"rendered":"Procon Tocantins notifica BRK para que prorrogue prazo de suspens\u00e3o do corte de \u00e1gua"},"content":{"rendered":"\n<p>O Procon Tocantins notificou a concession\u00e1ria de \u00e1gua BRK Ambiental para que prorrogue o prazo de suspens\u00e3o do&nbsp;corte de fornecimento de \u00e1gua&nbsp;para 90 dias conforme a Medida Provis\u00f3ria (MP) n\u00ba 007. A notifica\u00e7\u00e3o foi realizada nessa quarta-feira, 25.<\/p>\n\n\n\n<p>A Medida Provis\u00f3ria assinada pelo governador Mauro Carlesse, determina que os cortes de \u00e1gua e energia por falta de pagamento sejam suspensos por 90 dias. Na \u00faltima segunda-feira, 23, a BRK Ambiental enviou um of\u00edcio ao Procon Tocantins comunicando que o corte de \u00e1gua do por falta de pagamento est\u00e1 suspenso pelo prazo de 60 dias.<\/p>\n\n\n\n<p>\u201cA BRK j\u00e1 havia suspendido os cortes, nossa solicita\u00e7\u00e3o agora \u00e9 s\u00f3 que prorrogue para ficar de acordo com a MP. O Procon Tocantins est\u00e1 atento e atuante em defesa do consumidor\u201d, afirma Walter Viana, superintendente do Procon Tocantins.<\/p>\n\n\n\n<p>A medida se faz necess\u00e1ria por causa da pandemia do novo Coronav\u00edrus (Covid-19). Uma vez que o fornecimento de \u00e1gua e energia s\u00e3o&nbsp;considerados servi\u00e7os obrigat\u00f3rios, essenciais, cont\u00ednuos e n\u00e3o devem ser interrompidos.<\/p>\n\n\n\n<p><strong>Den\u00fancias<\/strong><\/p>\n\n\n\n<p>A equipe de fiscaliza\u00e7\u00e3o do Procon Tocantins est\u00e1 trabalhando das 8&nbsp;\u00e0s 18 horas para atender as den\u00fancias. O consumidor pode utilizar o Disque 151 ou o Whats Den\u00fancia 99216-6840 para denunciar.<\/p>\n\n\n\n<p>&nbsp;De acordo com as determina\u00e7\u00f5es do C\u00f3digo de Defesa do Consumidor (CDC), as infra\u00e7\u00f5es das normas sujeitam o fornecedor a diversas san\u00e7\u00f5es administrativas, como multas, suspens\u00e3o tempor\u00e1ria da atividade, cassa\u00e7\u00e3o de licen\u00e7a do estabelecimento ou de atividade e interdi\u00e7\u00e3o.<\/p>\n","protected":false},"excerpt":{"rendered":"<p>O Procon Tocantins notificou a concession\u00e1ria de \u00e1gua BRK Ambiental para que prorrogue o prazo de suspens\u00e3o do&nbsp;corte de fornecimento de \u00e1gua&nbsp;para 90 dias conforme a Medida Provis\u00f3ria (MP) n\u00ba 007. A notifica\u00e7\u00e3o foi realizada nessa quarta-feira, 25. A Medida Provis\u00f3ria assinada pelo governador Mauro Carlesse, determina que os cortes de \u00e1gua e energia por [&hellip;]<\/p>\n","protected":false},"author":2,"featured_media":5257,"comment_status":"open","ping_status":"open","sticky":false,"template":"","format":"standard","meta":[],"categories":[3],"tags":[],"_links":{"self":[{"href":"https:\/\/dgospel.com.br\/portal\/index.php\/wp-json\/wp\/v2\/posts\/5256"}],"collection":[{"href":"https:\/\/dgospel.com.br\/portal\/index.php\/wp-json\/wp\/v2\/posts"}],"about":[{"href":"https:\/\/dgospel.com.br\/portal\/index.php\/wp-json\/wp\/v2\/types\/post"}],"author":[{"embeddable":true,"href":"https:\/\/dgospel.com.br\/portal\/index.php\/wp-json\/wp\/v2\/users\/2"}],"replies":[{"embeddable":true,"href":"https:\/\/dgospel.com.br\/portal\/index.php\/wp-json\/wp\/v2\/comments?post=5256"}],"version-history":[{"count":1,"href":"https:\/\/dgospel.com.br\/portal\/index.php\/wp-json\/wp\/v2\/posts\/5256\/revisions"}],"predecessor-version":[{"id":5258,"href":"https:\/\/dgospel.com.br\/portal\/index.php\/wp-json\/wp\/v2\/posts\/5256\/revisions\/5258"}],"wp:featuredmedia":[{"embeddable":true,"href":"https:\/\/dgospel.com.br\/portal\/index.php\/wp-json\/wp\/v2\/media\/5257"}],"wp:attachment":[{"href":"https:\/\/dgospel.com.br\/portal\/index.php\/wp-json\/wp\/v2\/media?parent=5256"}],"wp:term":[{"taxonomy":"category","embeddable":true,"href":"https:\/\/dgospel.com.br\/portal\/index.php\/wp-json\/wp\/v2\/categories?post=5256"},{"taxonomy":"post_tag","embeddable":true,"href":"https:\/\/dgospel.com.br\/portal\/index.php\/wp-json\/wp\/v2\/tags?post=5256"}],"curies":[{"name":"wp","href":"https:\/\/api.w.org\/{rel}","templated":true}]}}