{"id":5259,"date":"2020-03-26T13:13:00","date_gmt":"2020-03-26T16:13:00","guid":{"rendered":"http:\/\/dgospel.com.br\/portal\/?p=5259"},"modified":"2020-03-26T13:13:01","modified_gmt":"2020-03-26T16:13:01","slug":"pesquisa-diz-que-restricoes-por-pandemia-devem-desempregar-32-mil-trabalhadores-no-comercio-de-palmas","status":"publish","type":"post","link":"https:\/\/dgospel.com.br\/portal\/index.php\/2020\/03\/26\/pesquisa-diz-que-restricoes-por-pandemia-devem-desempregar-32-mil-trabalhadores-no-comercio-de-palmas\/","title":{"rendered":"Pesquisa diz que restri\u00e7\u00f5es por pandemia devem desempregar 32 mil trabalhadores no com\u00e9rcio de Palmas"},"content":{"rendered":"\n<p>Pesquisa da C\u00e2mara de Dirigentes Lojistas de Palmas (CDL) mostra que 56,5% das empresas entrevistadas n\u00e3o t\u00eam condi\u00e7\u00f5es financeiras de realizar o pagamento dos funcion\u00e1rios deste m\u00eas, como consequ\u00eancia das medidas de restri\u00e7\u00f5es por conta dos decretos municipais e estadual para preven\u00e7\u00e3o ao novo coronav\u00edrus. A pesquisa foi realizada entre segunda-feira, 23, e esta quarta-feira, 25. Ainda de acordo com a pesquisa, somente 23,7% afirmam que conseguir\u00e1 arcar com a folha de pagamento dos funcion\u00e1rios neste m\u00eas e 19,9% ainda n\u00e3o sabem.<\/p>\n\n\n\n<h1><strong>60,2% pretendem demitir<\/strong><\/h1>\n\n\n\n<p>Ainda de acordo com o levantamento, 60,2% das empresas pretendem demitir funcion\u00e1rios nos pr\u00f3ximos dias, das quais 18,8% devem dispensar at\u00e9 75% do quadro; 17,1% at\u00e9 50%; 11,6% at\u00e9 20%; 8,8% at\u00e9 30% e outros 3,9% at\u00e9 40% do quadro. Cerca de 39,8% n\u00e3o pretendem demitir funcion\u00e1rios nos pr\u00f3ximos dias.<\/p>\n\n\n\n<h1><strong>32 mil desempregados<\/strong><\/h1>\n\n\n\n<p>O com\u00e9rcio de Palmas emprega aproximadamente 80 mil pessoas, essa expectativa de demiss\u00e3o pode deixar cerca de 32 mil pessoas desempregadas na Capital.<\/p>\n\n\n\n<h1><strong>Suspens\u00e3o e isen\u00e7\u00e3o de impostos<\/strong><\/h1>\n\n\n\n<p>A pesquisa tamb\u00e9m abriu espa\u00e7o para ouvir a opini\u00e3o de cada empres\u00e1rio e, segundo a CDL, a sugest\u00e3o, quase un\u00e2nime, foi alguma medida para atenuar o impacto dos gastos com tributos, seja a suspens\u00e3o, parcelamento, adiamento ou isen\u00e7\u00e3o. Os empres\u00e1rios tamb\u00e9m sugerem medidas espec\u00edficas para pequenos empreendimentos, que, segundo os entrevistados, n\u00e3o est\u00e3o sendo abrangidos nas a\u00e7\u00f5es apresentadas.<\/p>\n\n\n\n<p>Fonte: clebertoledo<\/p>\n","protected":false},"excerpt":{"rendered":"<p>Pesquisa da C\u00e2mara de Dirigentes Lojistas de Palmas (CDL) mostra que 56,5% das empresas entrevistadas n\u00e3o t\u00eam condi\u00e7\u00f5es financeiras de realizar o pagamento dos funcion\u00e1rios deste m\u00eas, como consequ\u00eancia das medidas de restri\u00e7\u00f5es por conta dos decretos municipais e estadual para preven\u00e7\u00e3o ao novo coronav\u00edrus. A pesquisa foi realizada entre segunda-feira, 23, e esta quarta-feira, [&hellip;]<\/p>\n","protected":false},"author":2,"featured_media":5260,"comment_status":"open","ping_status":"open","sticky":false,"template":"","format":"standard","meta":[],"categories":[3],"tags":[],"_links":{"self":[{"href":"https:\/\/dgospel.com.br\/portal\/index.php\/wp-json\/wp\/v2\/posts\/5259"}],"collection":[{"href":"https:\/\/dgospel.com.br\/portal\/index.php\/wp-json\/wp\/v2\/posts"}],"about":[{"href":"https:\/\/dgospel.com.br\/portal\/index.php\/wp-json\/wp\/v2\/types\/post"}],"author":[{"embeddable":true,"href":"https:\/\/dgospel.com.br\/portal\/index.php\/wp-json\/wp\/v2\/users\/2"}],"replies":[{"embeddable":true,"href":"https:\/\/dgospel.com.br\/portal\/index.php\/wp-json\/wp\/v2\/comments?post=5259"}],"version-history":[{"count":1,"href":"https:\/\/dgospel.com.br\/portal\/index.php\/wp-json\/wp\/v2\/posts\/5259\/revisions"}],"predecessor-version":[{"id":5261,"href":"https:\/\/dgospel.com.br\/portal\/index.php\/wp-json\/wp\/v2\/posts\/5259\/revisions\/5261"}],"wp:featuredmedia":[{"embeddable":true,"href":"https:\/\/dgospel.com.br\/portal\/index.php\/wp-json\/wp\/v2\/media\/5260"}],"wp:attachment":[{"href":"https:\/\/dgospel.com.br\/portal\/index.php\/wp-json\/wp\/v2\/media?parent=5259"}],"wp:term":[{"taxonomy":"category","embeddable":true,"href":"https:\/\/dgospel.com.br\/portal\/index.php\/wp-json\/wp\/v2\/categories?post=5259"},{"taxonomy":"post_tag","embeddable":true,"href":"https:\/\/dgospel.com.br\/portal\/index.php\/wp-json\/wp\/v2\/tags?post=5259"}],"curies":[{"name":"wp","href":"https:\/\/api.w.org\/{rel}","templated":true}]}}