{"id":5265,"date":"2020-03-26T23:45:34","date_gmt":"2020-03-27T02:45:34","guid":{"rendered":"http:\/\/dgospel.com.br\/portal\/?p=5265"},"modified":"2020-03-26T23:45:35","modified_gmt":"2020-03-27T02:45:35","slug":"vencemos-farao-e-com-a-ajuda-de-deus-venceremos-o-coronavirus-diz-netanyah","status":"publish","type":"post","link":"https:\/\/dgospel.com.br\/portal\/index.php\/2020\/03\/26\/vencemos-farao-e-com-a-ajuda-de-deus-venceremos-o-coronavirus-diz-netanyah\/","title":{"rendered":"`Vencemos fara\u00f3 e, com a ajuda de Deus, venceremos o coronav\u00edrus\u00b4, diz Netanyah"},"content":{"rendered":"\n<p>O primeiro-ministro de Israel, Benjamin Netanyahu, disse nesta quarta-feira (25) que o fechamento completo do pa\u00eds pode ser introduzido em poucos dias para conter a pandemia de coronav\u00edrus.<\/p>\n\n\n\n<p>\u201cO n\u00famero de infectados dobra a cada tr\u00eas dias\u201d. Nesse ritmo, \u201cem duas semanas teremos milhares\u201d, disse Netanyahu a partir de seu escrit\u00f3rio em Jerusal\u00e9m.&nbsp;<\/p>\n\n\n\n<p>\u201cSe n\u00e3o virmos uma melhoria imediata nesta tend\u00eancia, n\u00e3o teremos escolha a n\u00e3o ser declarar um fechamento total, exceto para compras de alimentos e medicamentos\u201d, acrescentou.<\/p>\n\n\n\n<p>Citando o n\u00famero crescente de mortos na It\u00e1lia e na Espanha, o primeiro-ministro pediu aos israelenses que seguissem as regras e ficassem em casa, citando Deuteron\u00f4mio 4:15, que diz: \u201cPortanto, tenham muito cuidado\u201d.<\/p>\n\n\n\n<p>Mesmo dentro de suas casas, o primeiro-ministro disse que as pessoas devem manter dist\u00e2ncia umas das outras e lavar as m\u00e3os. \u201cEu sei que com crian\u00e7as pequenas \u00e9 dif\u00edcil ficar em casa, mas n\u00e3o h\u00e1 escolha\u201d, afirmou.<\/p>\n\n\n\n<p>Netanyahu disse que o governo de Israel divulgar\u00e1 em breve medidas de apoio para empresas e aut\u00f4nomos. \u201cN\u00f3s ajudaremos voc\u00eas, cuidaremos de voc\u00eas. Temos uma economia forte, temos meios\u201d, enfatizou.<\/p>\n\n\n\n<p>Embora enfatize que ningu\u00e9m sabe quando a pandemia terminar\u00e1, Netanyahu disse que o governo israelense j\u00e1 criou uma for\u00e7a-tarefa para lidar com a retomada da atividade econ\u00f4mica no pa\u00eds.<\/p>\n\n\n\n<p>\u201cO m\u00eas [hebraico] de Nissan, que come\u00e7a hoje \u00e0 noite, o m\u00eas da primavera e do \u00eaxodo do Egito, nos lembra que nosso povo suportou tempestades violentas. Isso d\u00e1 for\u00e7a. Isso d\u00e1 esperan\u00e7a. Sobrevivemos a fara\u00f3 e, embora a batalha seja dif\u00edcil e intransigente, tamb\u00e9m sobreviveremos ao corona, com a ajuda de Deus e de voc\u00eas, cidad\u00e3os de Israel\u201d, finalizou.<\/p>\n\n\n\n<p><strong>Fonte: Guiame\/ Com informa\u00e7\u00f5es do Time Of Israel &#8211; Foto: Olivier Fitoussi\/Flash90<\/strong><\/p>\n","protected":false},"excerpt":{"rendered":"<p>O primeiro-ministro de Israel, Benjamin Netanyahu, disse nesta quarta-feira (25) que o fechamento completo do pa\u00eds pode ser introduzido em poucos dias para conter a pandemia de coronav\u00edrus. \u201cO n\u00famero de infectados dobra a cada tr\u00eas dias\u201d. Nesse ritmo, \u201cem duas semanas teremos milhares\u201d, disse Netanyahu a partir de seu escrit\u00f3rio em Jerusal\u00e9m.&nbsp; \u201cSe n\u00e3o [&hellip;]<\/p>\n","protected":false},"author":2,"featured_media":5266,"comment_status":"open","ping_status":"open","sticky":false,"template":"","format":"standard","meta":[],"categories":[5,1],"tags":[],"_links":{"self":[{"href":"https:\/\/dgospel.com.br\/portal\/index.php\/wp-json\/wp\/v2\/posts\/5265"}],"collection":[{"href":"https:\/\/dgospel.com.br\/portal\/index.php\/wp-json\/wp\/v2\/posts"}],"about":[{"href":"https:\/\/dgospel.com.br\/portal\/index.php\/wp-json\/wp\/v2\/types\/post"}],"author":[{"embeddable":true,"href":"https:\/\/dgospel.com.br\/portal\/index.php\/wp-json\/wp\/v2\/users\/2"}],"replies":[{"embeddable":true,"href":"https:\/\/dgospel.com.br\/portal\/index.php\/wp-json\/wp\/v2\/comments?post=5265"}],"version-history":[{"count":1,"href":"https:\/\/dgospel.com.br\/portal\/index.php\/wp-json\/wp\/v2\/posts\/5265\/revisions"}],"predecessor-version":[{"id":5267,"href":"https:\/\/dgospel.com.br\/portal\/index.php\/wp-json\/wp\/v2\/posts\/5265\/revisions\/5267"}],"wp:featuredmedia":[{"embeddable":true,"href":"https:\/\/dgospel.com.br\/portal\/index.php\/wp-json\/wp\/v2\/media\/5266"}],"wp:attachment":[{"href":"https:\/\/dgospel.com.br\/portal\/index.php\/wp-json\/wp\/v2\/media?parent=5265"}],"wp:term":[{"taxonomy":"category","embeddable":true,"href":"https:\/\/dgospel.com.br\/portal\/index.php\/wp-json\/wp\/v2\/categories?post=5265"},{"taxonomy":"post_tag","embeddable":true,"href":"https:\/\/dgospel.com.br\/portal\/index.php\/wp-json\/wp\/v2\/tags?post=5265"}],"curies":[{"name":"wp","href":"https:\/\/api.w.org\/{rel}","templated":true}]}}