{"id":5271,"date":"2020-03-28T21:35:08","date_gmt":"2020-03-29T00:35:08","guid":{"rendered":"http:\/\/dgospel.com.br\/portal\/?p=5271"},"modified":"2020-03-28T21:35:11","modified_gmt":"2020-03-29T00:35:11","slug":"leo-barbosa-solicita-e-governo-do-estado-envia-ajuda-para-familias-impactadas-por-fortes-chuvas-em-aparecida-do-rio-negro","status":"publish","type":"post","link":"https:\/\/dgospel.com.br\/portal\/index.php\/2020\/03\/28\/leo-barbosa-solicita-e-governo-do-estado-envia-ajuda-para-familias-impactadas-por-fortes-chuvas-em-aparecida-do-rio-negro\/","title":{"rendered":"L\u00e9o Barbosa solicita e Governo do Estado envia ajuda para fam\u00edlias impactadas por fortes chuvas em Aparecida do Rio Negro"},"content":{"rendered":"\n<p>Ap\u00f3s solicitar ao Governo do Estado o envio de alimentos para atender fam\u00edlias impactadas por enchente no munic\u00edpio de Aparecida do Rio Negro, o deputado estadual L\u00e9o Barbosa (SD) acompanhou, neste s\u00e1bado (28), a entrega de cestas b\u00e1sicas ao prefeito Deusimar Amorim e ao Centro de Refer\u00eancia da Assist\u00eancia Social (CRAS) da cidade.<\/p>\n\n\n\n<p>As cestas fazem parte do plano emergencial do governo para auxiliar fam\u00edlias e munic\u00edpios impactados pelas enchentes e \u00e9 coordenado pela Secretaria de Trabalho e Desenvolvimento Social (Setas). Os alimentos est\u00e3o sendo distribu\u00eddos pelo CRAS \u00e0s fam\u00edlias que tiveram suas casas alagadas e se encontram em situa\u00e7\u00e3o de vulnerabilidade social.<\/p>\n\n\n\n<p>L\u00e9o Barbosa destaca que solicitou urg\u00eancia no atendimento, tendo em vista que os munic\u00edpios j\u00e1 passam por incertezas e problemas causados pela pandemia do coronav\u00edrus (Covid-19) e agora Aparecida tamb\u00e9m enfrenta os impactos do excesso de chuvas e consequente cheia do Rio Negro.<\/p>\n\n\n\n<p>\u201cEm um momento em que os munic\u00edpios j\u00e1 passam por incertezas e problemas causados pela pandemia do coronav\u00edrus, Aparecida tamb\u00e9m sofre com os impactos da cheia do rio. Agrade\u00e7o ao Governo do Estado e ao secret\u00e1rio Messias por atender a nossa solicita\u00e7\u00e3o em tempo recorde. Me solidarizo com as fam\u00edlias afetadas e me coloca \u00e0 disposi\u00e7\u00e3o do prefeito Deusimar e da comunidade\u201d, ressaltou L\u00e9o.&nbsp;<\/p>\n","protected":false},"excerpt":{"rendered":"<p>Ap\u00f3s solicitar ao Governo do Estado o envio de alimentos para atender fam\u00edlias impactadas por enchente no munic\u00edpio de Aparecida do Rio Negro, o deputado estadual L\u00e9o Barbosa (SD) acompanhou, neste s\u00e1bado (28), a entrega de cestas b\u00e1sicas ao prefeito Deusimar Amorim e ao Centro de Refer\u00eancia da Assist\u00eancia Social (CRAS) da cidade. As cestas [&hellip;]<\/p>\n","protected":false},"author":2,"featured_media":5272,"comment_status":"open","ping_status":"open","sticky":false,"template":"","format":"standard","meta":[],"categories":[8],"tags":[],"_links":{"self":[{"href":"https:\/\/dgospel.com.br\/portal\/index.php\/wp-json\/wp\/v2\/posts\/5271"}],"collection":[{"href":"https:\/\/dgospel.com.br\/portal\/index.php\/wp-json\/wp\/v2\/posts"}],"about":[{"href":"https:\/\/dgospel.com.br\/portal\/index.php\/wp-json\/wp\/v2\/types\/post"}],"author":[{"embeddable":true,"href":"https:\/\/dgospel.com.br\/portal\/index.php\/wp-json\/wp\/v2\/users\/2"}],"replies":[{"embeddable":true,"href":"https:\/\/dgospel.com.br\/portal\/index.php\/wp-json\/wp\/v2\/comments?post=5271"}],"version-history":[{"count":1,"href":"https:\/\/dgospel.com.br\/portal\/index.php\/wp-json\/wp\/v2\/posts\/5271\/revisions"}],"predecessor-version":[{"id":5273,"href":"https:\/\/dgospel.com.br\/portal\/index.php\/wp-json\/wp\/v2\/posts\/5271\/revisions\/5273"}],"wp:featuredmedia":[{"embeddable":true,"href":"https:\/\/dgospel.com.br\/portal\/index.php\/wp-json\/wp\/v2\/media\/5272"}],"wp:attachment":[{"href":"https:\/\/dgospel.com.br\/portal\/index.php\/wp-json\/wp\/v2\/media?parent=5271"}],"wp:term":[{"taxonomy":"category","embeddable":true,"href":"https:\/\/dgospel.com.br\/portal\/index.php\/wp-json\/wp\/v2\/categories?post=5271"},{"taxonomy":"post_tag","embeddable":true,"href":"https:\/\/dgospel.com.br\/portal\/index.php\/wp-json\/wp\/v2\/tags?post=5271"}],"curies":[{"name":"wp","href":"https:\/\/api.w.org\/{rel}","templated":true}]}}