{"id":5274,"date":"2020-03-30T12:50:21","date_gmt":"2020-03-30T15:50:21","guid":{"rendered":"http:\/\/dgospel.com.br\/portal\/?p=5274"},"modified":"2020-03-30T12:50:23","modified_gmt":"2020-03-30T15:50:23","slug":"prefeitura-de-palmas-determina-afastamento-de-servidores-da-saude-com-60-anos-ou-mais-e-de-pessoas-com-comorbidades","status":"publish","type":"post","link":"https:\/\/dgospel.com.br\/portal\/index.php\/2020\/03\/30\/prefeitura-de-palmas-determina-afastamento-de-servidores-da-saude-com-60-anos-ou-mais-e-de-pessoas-com-comorbidades\/","title":{"rendered":"Prefeitura de Palmas determina afastamento de servidores da Sa\u00fade com 60 anos ou mais e de pessoas com comorbidades"},"content":{"rendered":"\n<p>A Secretaria Municipal de Sa\u00fade (Semus) editou a Portaria 328\/2020, publicada na edi\u00e7\u00e3o extra do Di\u00e1rio Oficial do Munic\u00edpio (DOM) deste domingo, 29, que determina o afastamento dos servidores com idade acima de 60 anos, para trabalho via Home Office, enquanto vigorar o estado de calamidade p\u00fablica, estabelecido em raz\u00e3o da pandemia causada pelo novo coronav\u00edrus (Covid-19). Inten\u00e7\u00e3o \u00e9 diminuir o risco de contamina\u00e7\u00e3o e v\u00edtimas fatais pela doen\u00e7a.<\/p>\n\n\n\n<p>Na mesma Portaria tamb\u00e9m foi determinado o afastamento de servidores que comprovaram o diagn\u00f3stico de comorbidades que se enquadram no grupo de risco, estabelecido pelo Minist\u00e9rio da Sa\u00fade (MS), mediante laudos e documentos comprobat\u00f3rios das patologias.<\/p>\n\n\n\n<p>A decis\u00e3o levou em considera\u00e7\u00e3o diversas decis\u00f5es que t\u00eam por finalidade conter o avan\u00e7o da Covid-19, em \u00e2mbito nacional, a exemplo da declara\u00e7\u00e3o de emerg\u00eancia em sa\u00fade p\u00fablica de import\u00e2ncia internacional pela Organiza\u00e7\u00e3o Mundial da Sa\u00fade (OMS), em 30 de janeiro, a Portaria N\u00ba 188 do Minist\u00e9rio da Sa\u00fade, de 4 de fevereiro, que declarou Emerg\u00eancia em Sa\u00fade P\u00fablica de Import\u00e2ncia Nacional (ESPIN), a declara\u00e7\u00e3o de estado de calamidade p\u00fablica do Estado do Tocantins, o Decreto 1.862, de 22 de mar\u00e7o, que declarou estado de calamidade p\u00fablica no munic\u00edpio de Palmas, e o Decreto 1.859, de 18 de mar\u00e7o, que adotou estrat\u00e9gias de enfrentamento ao coronav\u00edrus.<\/p>\n","protected":false},"excerpt":{"rendered":"<p>A Secretaria Municipal de Sa\u00fade (Semus) editou a Portaria 328\/2020, publicada na edi\u00e7\u00e3o extra do Di\u00e1rio Oficial do Munic\u00edpio (DOM) deste domingo, 29, que determina o afastamento dos servidores com idade acima de 60 anos, para trabalho via Home Office, enquanto vigorar o estado de calamidade p\u00fablica, estabelecido em raz\u00e3o da pandemia causada pelo novo [&hellip;]<\/p>\n","protected":false},"author":2,"featured_media":5275,"comment_status":"open","ping_status":"open","sticky":false,"template":"","format":"standard","meta":[],"categories":[3],"tags":[],"_links":{"self":[{"href":"https:\/\/dgospel.com.br\/portal\/index.php\/wp-json\/wp\/v2\/posts\/5274"}],"collection":[{"href":"https:\/\/dgospel.com.br\/portal\/index.php\/wp-json\/wp\/v2\/posts"}],"about":[{"href":"https:\/\/dgospel.com.br\/portal\/index.php\/wp-json\/wp\/v2\/types\/post"}],"author":[{"embeddable":true,"href":"https:\/\/dgospel.com.br\/portal\/index.php\/wp-json\/wp\/v2\/users\/2"}],"replies":[{"embeddable":true,"href":"https:\/\/dgospel.com.br\/portal\/index.php\/wp-json\/wp\/v2\/comments?post=5274"}],"version-history":[{"count":1,"href":"https:\/\/dgospel.com.br\/portal\/index.php\/wp-json\/wp\/v2\/posts\/5274\/revisions"}],"predecessor-version":[{"id":5276,"href":"https:\/\/dgospel.com.br\/portal\/index.php\/wp-json\/wp\/v2\/posts\/5274\/revisions\/5276"}],"wp:featuredmedia":[{"embeddable":true,"href":"https:\/\/dgospel.com.br\/portal\/index.php\/wp-json\/wp\/v2\/media\/5275"}],"wp:attachment":[{"href":"https:\/\/dgospel.com.br\/portal\/index.php\/wp-json\/wp\/v2\/media?parent=5274"}],"wp:term":[{"taxonomy":"category","embeddable":true,"href":"https:\/\/dgospel.com.br\/portal\/index.php\/wp-json\/wp\/v2\/categories?post=5274"},{"taxonomy":"post_tag","embeddable":true,"href":"https:\/\/dgospel.com.br\/portal\/index.php\/wp-json\/wp\/v2\/tags?post=5274"}],"curies":[{"name":"wp","href":"https:\/\/api.w.org\/{rel}","templated":true}]}}