{"id":5283,"date":"2020-03-30T13:25:00","date_gmt":"2020-03-30T16:25:00","guid":{"rendered":"http:\/\/dgospel.com.br\/portal\/?p=5283"},"modified":"2020-03-30T13:25:03","modified_gmt":"2020-03-30T16:25:03","slug":"bolsonaro-diz-que-ira-recorrer-da-decisao-da-justica-de-fechar-igrejas","status":"publish","type":"post","link":"https:\/\/dgospel.com.br\/portal\/index.php\/2020\/03\/30\/bolsonaro-diz-que-ira-recorrer-da-decisao-da-justica-de-fechar-igrejas\/","title":{"rendered":"Bolsonaro diz que ir\u00e1 recorrer da decis\u00e3o da Justi\u00e7a de fechar igrejas"},"content":{"rendered":"\n<p>O presidente Jair Bolsonaro disse neste domingo (29) que o governo ir\u00e1 recorrer da decis\u00e3o da Justi\u00e7a que suspendeu o decreto presidencial sobre a&nbsp;<a href=\"https:\/\/guiame.com.br\/gospel\/noticias\/bolsonaro-decreta-templos-religiosos-como-parte-de-atividades-essenciais.html\"><strong>abertura de templos religiosos<\/strong><\/a>&nbsp;durante o per\u00edodo de isolamento social por causa do novo coronav\u00edrus.&nbsp;<\/p>\n\n\n\n<p>A afirma\u00e7\u00e3o foi feita em resposta a uma mulher que pedia a abertura das igrejas, enquanto Bolsonaro visitava um com\u00e9rcio em Ceil\u00e2ndia, regi\u00e3o administrativa mais populosa do Distrito Federal.<\/p>\n\n\n\n<p>\u201cO meu decreto a Justi\u00e7a derrubou em 1\u00aa Inst\u00e2ncia, vamos recorrer agora\u201d, disse o presidente, destacando a import\u00e2ncia de evitar aglomera\u00e7\u00f5es nos templos.&nbsp;<\/p>\n\n\n\n<p>\u201cOs pastores s\u00e3o respons\u00e1veis por n\u00e3o aglomerar muita gente. As igrejas s\u00e3o um ref\u00fagio espiritual. \u00c9 s\u00f3 ter responsabilidade para n\u00e3o encher\u201d, acrescentou Bolsonaro.<\/p>\n\n\n\n<figure class=\"wp-block-embed-youtube wp-block-embed is-type-video is-provider-youtube wp-embed-aspect-16-9 wp-has-aspect-ratio\"><div class=\"wp-block-embed__wrapper\">\n<iframe loading=\"lazy\" title=\"No Distrito Federal, Bolsonaro vai a mercado aglomerado de pessoas\" width=\"630\" height=\"354\" src=\"https:\/\/www.youtube.com\/embed\/uePgiHSkXEA?feature=oembed\" frameborder=\"0\" allow=\"accelerometer; autoplay; encrypted-media; gyroscope; picture-in-picture\" allowfullscreen><\/iframe>\n<\/div><\/figure>\n\n\n\n<p>Na \u00faltima quinta-feira (26), Bolsonaro editou um decreto que incluiu templos religiosos na&nbsp;<a href=\"https:\/\/guiame.com.br\/gospel\/noticias\/bolsonaro-decreta-templos-religiosos-como-parte-de-atividades-essenciais.html\"><strong>lista de atividades essenciais<\/strong><\/a>&nbsp;durante o per\u00edodo de isolamento social.&nbsp;<\/p>\n\n\n\n<p>Sendo assim, as igrejas poderiam funcionar seguindo as restri\u00e7\u00f5es impostas por governos estaduais e municipais para conter a prolifera\u00e7\u00e3o do v\u00edrus.&nbsp;&nbsp;<\/p>\n\n\n\n<p>No dia seguinte, a Justi\u00e7a Federal suspendeu a validade dos decretos presidenciais ap\u00f3s uma a\u00e7\u00e3o do MPF (Minist\u00e9rio P\u00fablico Federal).&nbsp;<\/p>\n\n\n\n<p>O juiz federal substituto M\u00e1rcio Santoro Rocha, da 1\u00aa Vara Federal de Duque de Caxias, determinou que o governo federal e a Prefeitura de Duque de Caxias \u201cse abstenham de adotar qualquer est\u00edmulo \u00e0 n\u00e3o observ\u00e2ncia do isolamento social recomendado pela OMS [Organiza\u00e7\u00e3o Mundial da Sa\u00fade]\u201d, sob pena de multa de R$ 100 mil em caso de descumprimento.&nbsp;&nbsp;<\/p>\n\n\n\n<p>O recurso deve ser apresentado pela Advocacia-Geral da Uni\u00e3o (AGU) ao Tribunal Regional Federal da 2\u00aa Regi\u00e3o.<\/p>\n\n\n\n<p>Rocha disse que n\u00e3o est\u00e1 \u201ca impedir o exerc\u00edcio da atividade religiosa\u201d, que continua podendo ser livremente \u201cdesempenhada em casa, com os recursos da internet\u201d, mas que \u201co direito \u00e0 religi\u00e3o, como qualquer outro, n\u00e3o tem car\u00e1ter absoluto, podendo ser limitado em raz\u00e3o de outros direitos\u201d.<\/p>\n\n\n\n<p><\/p>\n\n\n\n<p>\n\nFONTE: GUIAME, COM INFORMA\u00c7\u00d5ES DO UOL\n\n<\/p>\n","protected":false},"excerpt":{"rendered":"<p>O presidente Jair Bolsonaro disse neste domingo (29) que o governo ir\u00e1 recorrer da decis\u00e3o da Justi\u00e7a que suspendeu o decreto presidencial sobre a&nbsp;abertura de templos religiosos&nbsp;durante o per\u00edodo de isolamento social por causa do novo coronav\u00edrus.&nbsp; A afirma\u00e7\u00e3o foi feita em resposta a uma mulher que pedia a abertura das igrejas, enquanto Bolsonaro visitava [&hellip;]<\/p>\n","protected":false},"author":2,"featured_media":5284,"comment_status":"open","ping_status":"open","sticky":false,"template":"","format":"standard","meta":[],"categories":[6,4],"tags":[],"_links":{"self":[{"href":"https:\/\/dgospel.com.br\/portal\/index.php\/wp-json\/wp\/v2\/posts\/5283"}],"collection":[{"href":"https:\/\/dgospel.com.br\/portal\/index.php\/wp-json\/wp\/v2\/posts"}],"about":[{"href":"https:\/\/dgospel.com.br\/portal\/index.php\/wp-json\/wp\/v2\/types\/post"}],"author":[{"embeddable":true,"href":"https:\/\/dgospel.com.br\/portal\/index.php\/wp-json\/wp\/v2\/users\/2"}],"replies":[{"embeddable":true,"href":"https:\/\/dgospel.com.br\/portal\/index.php\/wp-json\/wp\/v2\/comments?post=5283"}],"version-history":[{"count":1,"href":"https:\/\/dgospel.com.br\/portal\/index.php\/wp-json\/wp\/v2\/posts\/5283\/revisions"}],"predecessor-version":[{"id":5285,"href":"https:\/\/dgospel.com.br\/portal\/index.php\/wp-json\/wp\/v2\/posts\/5283\/revisions\/5285"}],"wp:featuredmedia":[{"embeddable":true,"href":"https:\/\/dgospel.com.br\/portal\/index.php\/wp-json\/wp\/v2\/media\/5284"}],"wp:attachment":[{"href":"https:\/\/dgospel.com.br\/portal\/index.php\/wp-json\/wp\/v2\/media?parent=5283"}],"wp:term":[{"taxonomy":"category","embeddable":true,"href":"https:\/\/dgospel.com.br\/portal\/index.php\/wp-json\/wp\/v2\/categories?post=5283"},{"taxonomy":"post_tag","embeddable":true,"href":"https:\/\/dgospel.com.br\/portal\/index.php\/wp-json\/wp\/v2\/tags?post=5283"}],"curies":[{"name":"wp","href":"https:\/\/api.w.org\/{rel}","templated":true}]}}