{"id":5287,"date":"2020-03-30T22:50:59","date_gmt":"2020-03-31T01:50:59","guid":{"rendered":"http:\/\/dgospel.com.br\/portal\/?p=5287"},"modified":"2020-03-30T22:51:01","modified_gmt":"2020-03-31T01:51:01","slug":"presidentes-do-paraguai-el-salvador-e-guatemala-pedem-a-protecao-de-deus","status":"publish","type":"post","link":"https:\/\/dgospel.com.br\/portal\/index.php\/2020\/03\/30\/presidentes-do-paraguai-el-salvador-e-guatemala-pedem-a-protecao-de-deus\/","title":{"rendered":"Presidentes do Paraguai, El Salvador e Guatemala pedem a prote\u00e7\u00e3o de Deus"},"content":{"rendered":"\n<p>Quando o epicentro da pandemia de&nbsp;<a href=\"https:\/\/guiame.com.br\/gospel\/mundo-cristao\/trump-pede-oracoes-em-razao-do-coronavirus-nenhum-problema-e-grande-demais-para-deus.html\"><strong>coronav\u00edrus<\/strong><\/a>&nbsp;passou da China para a Europa, os pa\u00edses da Am\u00e9rica Latina come\u00e7aram a se preparar para uma potencial emerg\u00eancia. Em meio a uma crescente preocupa\u00e7\u00e3o, n\u00e3o apenas as igrejas se voltaram para Deus \u2014 pol\u00edticos de v\u00e1rios pa\u00edses tamb\u00e9m t\u00eam se manifestado sobre a necessidade de&nbsp;<a href=\"https:\/\/guiame.com.br\/gospel\/mundo-cristao\/trump-pede-oracoes-em-razao-do-coronavirus-nenhum-problema-e-grande-demais-para-deus.html\"><strong>orar<\/strong><\/a>.&nbsp;<\/p>\n\n\n\n<p>O presidente de Guatemala, Alejandro Giammattei, postou uma mensagem no Twitter, dizendo: \u201cMais do que nunca demonstraremos que, unidos como um pa\u00eds, seremos capazes de enfrentar essa emerg\u00eancia. Que Deus aben\u00e7oe a Guatemala!\u201d<\/p>\n\n\n\n<p>O ex-presidente da Guatemala, Jimmy Morales, que \u00e9 evang\u00e9lico, pediu uni\u00e3o entre os guatemaltecos e disse que \u00e9 preciso \u201corar sem parar\u201d. \u201cPosso confessar que, no meu governo, as ora\u00e7\u00f5es de milh\u00f5es de pessoas nos deram for\u00e7a e vit\u00f3ria em momentos de crise\u201d, disse ele.<\/p>\n\n\n\n<p>Morales citou ainda Ef\u00e9sios 6:18, que diz: \u201cOrem no Esp\u00edrito em todas as ocasi\u00f5es, com toda ora\u00e7\u00e3o e s\u00faplica; tendo isso em mente, estejam atentos e perseverem na ora\u00e7\u00e3o por todos os santos\u201d.<\/p>\n\n\n\n<p><strong>El Salvador: \u201cPe\u00e7am a Deus por nosso pa\u00eds\u201d<\/strong><\/p>\n\n\n\n<p>Enquanto isso, o presidente de El Salvador, Nayib Bukele, admitiu que interromper o avan\u00e7o do coronav\u00edrus no pa\u00eds seria muito dif\u00edcil.&nbsp;<\/p>\n\n\n\n<p>Depois de anunciar medidas mais urgentes, Bukele concluiu uma reuni\u00e3o do governo, que foi transmitida em rede nacional, dizendo: \u201cEste \u00e9 um Estado secular que permite a liberdade de culto, mas h\u00e1 muitos crentes. Quero pedir que orem e juntos pe\u00e7am a Deus que Ele nos ajude a superar essa doen\u00e7a\u201d.<\/p>\n\n\n\n<p>\u201cVamos enfrentar uma tribula\u00e7\u00e3o, mas tenho certeza de que, com a ajuda de Deus, poderemos seguir em frente\u201d, acrescentou Bukele. \u201cQuem n\u00e3o acredita em Deus, quem n\u00e3o tem religi\u00e3o, fique \u00e0 vontade. Mas para aqueles que acreditam, pe\u00e7o que abaixem a cabe\u00e7a e pe\u00e7am a Deus por nosso pa\u00eds\u201d.<\/p>\n\n\n\n<p><strong>Paraguai: Unidos em ora\u00e7\u00e3o<\/strong><\/p>\n\n\n\n<p>No Paraguai, a mais alta autoridade pol\u00edtica tamb\u00e9m pediu ora\u00e7\u00f5es por prote\u00e7\u00e3o. \u201cEspero que todo o povo possa passar tempo em fam\u00edlia, em uni\u00e3o. N\u00e3o devemos esquecer o campo espiritual. Uma fam\u00edlia unida em ora\u00e7\u00e3o\u201d, afirmou o presidente paraguaio Mario Abdo Ben\u00edtez.&nbsp;<\/p>\n\n\n\n<p>\u201cO poder da ora\u00e7\u00e3o, tenho certeza, proteger\u00e1 a na\u00e7\u00e3o. Deus proteger\u00e1 o Paraguai e continuar\u00e1 a aben\u00e7oar este pa\u00eds\u201d, acrescentou.&nbsp;<\/p>\n\n\n\n<p>O pastor paraguaio Emilio Aguero respondeu \u00e0s cr\u00edticas de muitos que disseram que era inadequado para um chefe de Estado pedir ora\u00e7\u00e3o. \u201cEsta \u00e9 uma controv\u00e9rsia desnecess\u00e1ria\u201d, disse o l\u00edder evang\u00e9lico.&nbsp;<\/p>\n\n\n\n<p>\u201cAs pessoas podem acreditar em Deus ou n\u00e3o, mas a f\u00e9 \u00e9 um forte apoio emocional para evitar mais psicose coletiva. Al\u00e9m disso, a [crise do coronav\u00edrus] \u00e9 uma quest\u00e3o nacional e a maioria das pessoas, certos ou n\u00e3o, acredita em Deus\u201d, argumentou.&nbsp;<\/p>\n\n\n\n<p>\n\nFONTE: GUIAME, COM INFORMA\u00c7\u00d5ES DO EVANGELICAL FOCUS\n\n<\/p>\n","protected":false},"excerpt":{"rendered":"<p>Quando o epicentro da pandemia de&nbsp;coronav\u00edrus&nbsp;passou da China para a Europa, os pa\u00edses da Am\u00e9rica Latina come\u00e7aram a se preparar para uma potencial emerg\u00eancia. Em meio a uma crescente preocupa\u00e7\u00e3o, n\u00e3o apenas as igrejas se voltaram para Deus \u2014 pol\u00edticos de v\u00e1rios pa\u00edses tamb\u00e9m t\u00eam se manifestado sobre a necessidade de&nbsp;orar.&nbsp; O presidente de Guatemala, [&hellip;]<\/p>\n","protected":false},"author":2,"featured_media":5288,"comment_status":"open","ping_status":"open","sticky":false,"template":"","format":"standard","meta":[],"categories":[10,5],"tags":[],"_links":{"self":[{"href":"https:\/\/dgospel.com.br\/portal\/index.php\/wp-json\/wp\/v2\/posts\/5287"}],"collection":[{"href":"https:\/\/dgospel.com.br\/portal\/index.php\/wp-json\/wp\/v2\/posts"}],"about":[{"href":"https:\/\/dgospel.com.br\/portal\/index.php\/wp-json\/wp\/v2\/types\/post"}],"author":[{"embeddable":true,"href":"https:\/\/dgospel.com.br\/portal\/index.php\/wp-json\/wp\/v2\/users\/2"}],"replies":[{"embeddable":true,"href":"https:\/\/dgospel.com.br\/portal\/index.php\/wp-json\/wp\/v2\/comments?post=5287"}],"version-history":[{"count":1,"href":"https:\/\/dgospel.com.br\/portal\/index.php\/wp-json\/wp\/v2\/posts\/5287\/revisions"}],"predecessor-version":[{"id":5289,"href":"https:\/\/dgospel.com.br\/portal\/index.php\/wp-json\/wp\/v2\/posts\/5287\/revisions\/5289"}],"wp:featuredmedia":[{"embeddable":true,"href":"https:\/\/dgospel.com.br\/portal\/index.php\/wp-json\/wp\/v2\/media\/5288"}],"wp:attachment":[{"href":"https:\/\/dgospel.com.br\/portal\/index.php\/wp-json\/wp\/v2\/media?parent=5287"}],"wp:term":[{"taxonomy":"category","embeddable":true,"href":"https:\/\/dgospel.com.br\/portal\/index.php\/wp-json\/wp\/v2\/categories?post=5287"},{"taxonomy":"post_tag","embeddable":true,"href":"https:\/\/dgospel.com.br\/portal\/index.php\/wp-json\/wp\/v2\/tags?post=5287"}],"curies":[{"name":"wp","href":"https:\/\/api.w.org\/{rel}","templated":true}]}}