{"id":5296,"date":"2020-03-30T23:44:30","date_gmt":"2020-03-31T02:44:30","guid":{"rendered":"http:\/\/dgospel.com.br\/portal\/?p=5296"},"modified":"2020-03-30T23:44:31","modified_gmt":"2020-03-31T02:44:31","slug":"apos-votacao-senado-aprova-auxilio-emergencial-de-r-600","status":"publish","type":"post","link":"https:\/\/dgospel.com.br\/portal\/index.php\/2020\/03\/30\/apos-votacao-senado-aprova-auxilio-emergencial-de-r-600\/","title":{"rendered":"Ap\u00f3s vota\u00e7\u00e3o, Senado aprova aux\u00edlio emergencial de R$ 600"},"content":{"rendered":"\n<p>Nesta segunda-feira (30), em sess\u00e3o por videoconfer\u00eancia, o Senado aprovou o pagamento do aux\u00edlio emergencial de R$ 600 para trabalhadores informais de baixa renda durante a pandemia da Covid-19. A princ\u00edpio, a medida ter\u00e1 a dura\u00e7\u00e3o de tr\u00eas meses, mas poder\u00e1 ser revogada.<\/p>\n\n\n\n<p>O projeto teve 79 votos favor\u00e1veis, com unanimidade entre os senadores que participaram da sess\u00e3o. Agora, ele seguir\u00e1 para a san\u00e7\u00e3o do presidente Jair Bolsonaro.<\/p>\n\n\n\n<p>Segundo o portal do Senado, o benef\u00edcio contemplar\u00e1 cidad\u00e3os maiores de idade sem emprego formal, mas na condi\u00e7\u00e3o de trabalhadores informais, microempreendedores individuais (MEI) ou contribuintes da Previd\u00eancia Social. Ter\u00e1 direito quem possui renda familiar mensal inferior a meio sal\u00e1rio m\u00ednimo per capita ou tr\u00eas sal\u00e1rios m\u00ednimos no total, al\u00e9m de n\u00e3o ser benefici\u00e1rio de outros programas sociais ou do seguro-desemprego.<\/p>\n\n\n\n<p>O valor do benef\u00edcio poder\u00e1 ser acumulado por at\u00e9 dois membros de uma mesma fam\u00edlia, chegando a R$ 1.200. Se for sancionado, a data de in\u00edcio dos pagamentos vai depender de uma regulamenta\u00e7\u00e3o do Poder Executivo.<\/p>\n\n\n\n<p>Fonte:  pleno.news <\/p>\n","protected":false},"excerpt":{"rendered":"<p>Nesta segunda-feira (30), em sess\u00e3o por videoconfer\u00eancia, o Senado aprovou o pagamento do aux\u00edlio emergencial de R$ 600 para trabalhadores informais de baixa renda durante a pandemia da Covid-19. A princ\u00edpio, a medida ter\u00e1 a dura\u00e7\u00e3o de tr\u00eas meses, mas poder\u00e1 ser revogada. O projeto teve 79 votos favor\u00e1veis, com unanimidade entre os senadores que [&hellip;]<\/p>\n","protected":false},"author":2,"featured_media":5297,"comment_status":"open","ping_status":"open","sticky":false,"template":"","format":"standard","meta":[],"categories":[6,4],"tags":[],"_links":{"self":[{"href":"https:\/\/dgospel.com.br\/portal\/index.php\/wp-json\/wp\/v2\/posts\/5296"}],"collection":[{"href":"https:\/\/dgospel.com.br\/portal\/index.php\/wp-json\/wp\/v2\/posts"}],"about":[{"href":"https:\/\/dgospel.com.br\/portal\/index.php\/wp-json\/wp\/v2\/types\/post"}],"author":[{"embeddable":true,"href":"https:\/\/dgospel.com.br\/portal\/index.php\/wp-json\/wp\/v2\/users\/2"}],"replies":[{"embeddable":true,"href":"https:\/\/dgospel.com.br\/portal\/index.php\/wp-json\/wp\/v2\/comments?post=5296"}],"version-history":[{"count":1,"href":"https:\/\/dgospel.com.br\/portal\/index.php\/wp-json\/wp\/v2\/posts\/5296\/revisions"}],"predecessor-version":[{"id":5298,"href":"https:\/\/dgospel.com.br\/portal\/index.php\/wp-json\/wp\/v2\/posts\/5296\/revisions\/5298"}],"wp:featuredmedia":[{"embeddable":true,"href":"https:\/\/dgospel.com.br\/portal\/index.php\/wp-json\/wp\/v2\/media\/5297"}],"wp:attachment":[{"href":"https:\/\/dgospel.com.br\/portal\/index.php\/wp-json\/wp\/v2\/media?parent=5296"}],"wp:term":[{"taxonomy":"category","embeddable":true,"href":"https:\/\/dgospel.com.br\/portal\/index.php\/wp-json\/wp\/v2\/categories?post=5296"},{"taxonomy":"post_tag","embeddable":true,"href":"https:\/\/dgospel.com.br\/portal\/index.php\/wp-json\/wp\/v2\/tags?post=5296"}],"curies":[{"name":"wp","href":"https:\/\/api.w.org\/{rel}","templated":true}]}}