{"id":5299,"date":"2020-03-30T23:51:05","date_gmt":"2020-03-31T02:51:05","guid":{"rendered":"http:\/\/dgospel.com.br\/portal\/?p=5299"},"modified":"2020-03-30T23:51:06","modified_gmt":"2020-03-31T02:51:06","slug":"bolsonaro-sobre-saidas-tenho-que-estar-ao-lado-do-povo","status":"publish","type":"post","link":"https:\/\/dgospel.com.br\/portal\/index.php\/2020\/03\/30\/bolsonaro-sobre-saidas-tenho-que-estar-ao-lado-do-povo\/","title":{"rendered":"Bolsonaro sobre sa\u00eddas: \u2018Tenho que estar ao lado do povo\u2019"},"content":{"rendered":"\n<p>O presidente Jair Bolsonaro voltou a defender que as medidas do governo para conter o novo coronav\u00edrus venham tamb\u00e9m de amparo econ\u00f4mico aos trabalhadores. Em entrevista ao programa Alerta Nacional, apresentado por Sik\u00eara Jr., Bolsonaro disse que as consequ\u00eancias do isolamento podem ser catastr\u00f3ficas.<\/p>\n\n\n\n<p>\u2013 N\u00e3o podemos impor uma quarentena maior do que a que j\u00e1 est\u00e1 a\u00ed porque os [trabalhadores] informais v\u00e3o sofrer mais. Logicamente a vida \u00e9 mais importante que a economia, mas se o desemprego vier, vamos ter um problema ser\u00edssimo de mis\u00e9ria, fome e depress\u00e3o \u2013 apontou.<\/p>\n\n\n\n<p>Jair Bolsonaro tamb\u00e9m afirmou que \u00e9 realista quanto ao v\u00edrus e que a maioria da popula\u00e7\u00e3o ser\u00e1 infectada.<\/p>\n\n\n\n<p>\u2013 Ningu\u00e9m est\u00e1 dizendo que n\u00e3o vai pegar o v\u00edrus. Quase todo mundo vai. Mas o governo quer que nem todos peguem ao mesmo tempo. Tem gente que vai precisar de m\u00e9dico e o hospital estar\u00e1 lotado \u2013 defendeu.<\/p>\n\n\n\n<p>Apesar do alerta, o presidente tornou a pedir que a popula\u00e7\u00e3o n\u00e3o entre em p\u00e2nico.<\/p>\n\n\n\n<p>\u2013 O p\u00e2nico \u00e9 uma doen\u00e7a. Se o povo entrar em histeria os malef\u00edcios ser\u00e3o piores do que o v\u00edrus. Eu tenho 65 anos, se fosse algo terrivelmente mortal, eu n\u00e3o estaria na rua. Eu sou l\u00edder de uma na\u00e7\u00e3o, tenho que estar ao lado do povo brasileiro. Pelo menos 60% da popula\u00e7\u00e3o vai contrair. Voc\u00ea tem que evitar [pegar], mas n\u00e3o pode viver em clima de p\u00e2nico \u2013 disse, citando a epidemia de H1N1.<\/p>\n\n\n\n<p>Questionado sobre a soltura de presos para evitar o risco de uma epidemia, Bolsonaro disse que \u201cse dependesse\u201d dele, ningu\u00e9m seria solto.<\/p>\n\n\n\n<p>\u2013 A decis\u00e3o n\u00e3o foi do governo e nem do Minist\u00e9rio da Justi\u00e7a. Se dependesse de mim, n\u00e3o soltaria ningu\u00e9m. Eles est\u00e3o muito mais protegidos na cadeia, t\u00eam comida, t\u00eam tudo l\u00e1 dentro. Eu n\u00e3o permitiria. Quando eles saem, n\u00e3o t\u00eam emprego e v\u00e3o acabar cometendo delitos. \u00c9 uma decis\u00e3o errada do Conselho Nacional de Justi\u00e7a \u2013 observou.<\/p>\n\n\n\n<p>O presidente tamb\u00e9m aproveitou para criticar governadores e prefeitos, sem citar nomes, pelas restri\u00e7\u00f5es severas ao com\u00e9rcio e \u00e0 circula\u00e7\u00e3o. Ele acusou alguns de \u201cinflar\u201d os n\u00fameros de mortos e infectados pela Covid-19.<\/p>\n\n\n\n<p>\u2013 H\u00e1 interesse por parte de alguns governadores [aumentar o n\u00famero] dos vitimados do v\u00edrus. Daria mais respaldo, mais recursos do governo, justificaria medidas. Isso n\u00e3o est\u00e1 certo, \u00e9 uma pr\u00e1tica pol\u00edtica para justificar medidas equivocadas de governadores e prefeitos.<\/p>\n\n\n\n<p>Fonte:  pleno.news <\/p>\n","protected":false},"excerpt":{"rendered":"<p>O presidente Jair Bolsonaro voltou a defender que as medidas do governo para conter o novo coronav\u00edrus venham tamb\u00e9m de amparo econ\u00f4mico aos trabalhadores. Em entrevista ao programa Alerta Nacional, apresentado por Sik\u00eara Jr., Bolsonaro disse que as consequ\u00eancias do isolamento podem ser catastr\u00f3ficas. \u2013 N\u00e3o podemos impor uma quarentena maior do que a que [&hellip;]<\/p>\n","protected":false},"author":2,"featured_media":5300,"comment_status":"open","ping_status":"open","sticky":false,"template":"","format":"standard","meta":[],"categories":[6,4],"tags":[],"_links":{"self":[{"href":"https:\/\/dgospel.com.br\/portal\/index.php\/wp-json\/wp\/v2\/posts\/5299"}],"collection":[{"href":"https:\/\/dgospel.com.br\/portal\/index.php\/wp-json\/wp\/v2\/posts"}],"about":[{"href":"https:\/\/dgospel.com.br\/portal\/index.php\/wp-json\/wp\/v2\/types\/post"}],"author":[{"embeddable":true,"href":"https:\/\/dgospel.com.br\/portal\/index.php\/wp-json\/wp\/v2\/users\/2"}],"replies":[{"embeddable":true,"href":"https:\/\/dgospel.com.br\/portal\/index.php\/wp-json\/wp\/v2\/comments?post=5299"}],"version-history":[{"count":1,"href":"https:\/\/dgospel.com.br\/portal\/index.php\/wp-json\/wp\/v2\/posts\/5299\/revisions"}],"predecessor-version":[{"id":5301,"href":"https:\/\/dgospel.com.br\/portal\/index.php\/wp-json\/wp\/v2\/posts\/5299\/revisions\/5301"}],"wp:featuredmedia":[{"embeddable":true,"href":"https:\/\/dgospel.com.br\/portal\/index.php\/wp-json\/wp\/v2\/media\/5300"}],"wp:attachment":[{"href":"https:\/\/dgospel.com.br\/portal\/index.php\/wp-json\/wp\/v2\/media?parent=5299"}],"wp:term":[{"taxonomy":"category","embeddable":true,"href":"https:\/\/dgospel.com.br\/portal\/index.php\/wp-json\/wp\/v2\/categories?post=5299"},{"taxonomy":"post_tag","embeddable":true,"href":"https:\/\/dgospel.com.br\/portal\/index.php\/wp-json\/wp\/v2\/tags?post=5299"}],"curies":[{"name":"wp","href":"https:\/\/api.w.org\/{rel}","templated":true}]}}