{"id":530,"date":"2018-06-13T00:36:00","date_gmt":"2018-06-13T03:36:00","guid":{"rendered":"http:\/\/dgospel.com.br\/portal\/?p=530"},"modified":"2018-06-13T00:36:00","modified_gmt":"2018-06-13T03:36:00","slug":"camara-dos-deputados-realiza-sessao-solene-pelo-centenario-da-assembleia-de-deus-no-rio-grande-do-norte","status":"publish","type":"post","link":"https:\/\/dgospel.com.br\/portal\/index.php\/2018\/06\/13\/camara-dos-deputados-realiza-sessao-solene-pelo-centenario-da-assembleia-de-deus-no-rio-grande-do-norte\/","title":{"rendered":"C\u00e2mara dos Deputados realiza sess\u00e3o solene pelo Centen\u00e1rio da Assembleia de Deus no Rio Grande do Norte"},"content":{"rendered":"<p>A C\u00e2mara dos Deputados, em Bras\u00edlia, realizou na manh\u00e3 desta ter\u00e7a-feira (12) uma sess\u00e3o solene em homenagem aos 100 anos de funda\u00e7\u00e3o da Igreja Assembleia de Deus no Estado do Rio Grande do Norte.<\/p>\n<p>A iniciativa da homenagem partiu do deputado federal Ant\u00f4nio J\u00e1come (Podemos-RN). \u201cA Igreja Evang\u00e9lica Assembleia de Deus do Rio Grande do Norte, que est\u00e1 completando 100 anos, \u00e9 uma igreja id\u00f4nea, s\u00e9ria, e que cumpre muito bem o seu papel eclesi\u00e1stico e social. E eu sou o primeiro representante evang\u00e9lico a ocupar o parlamento federal pelo Rio Grande do Norte, e n\u00e3o poderia deixar de homenagear, numa sess\u00e3o solene, este centen\u00e1rio, declarou o deputado em entrevista \u00e0 TV C\u00e2mara.<\/p>\n<p><strong>Assista abaixo o v\u00eddeo da sess\u00e3o:<\/strong><\/p>\n<p><iframe loading=\"lazy\" title=\"PLEN\u00c1RIO - Homenagem aos cem anos da Igreja Evang\u00e9lica Assembleia de Deus\/RN - 12\/06\/2018 - 10:01\" width=\"630\" height=\"354\" src=\"https:\/\/www.youtube.com\/embed\/2p5c4ySP9aU?feature=oembed\" frameborder=\"0\" allow=\"accelerometer; autoplay; encrypted-media; gyroscope; picture-in-picture\" allowfullscreen><\/iframe><\/p>\n<p>Fundada em 24 de maio de 1918, a Assembleia de Deus no Rio Grande do Norte conta hoje com mais de 220 mil membros e \u00e9 a maior denomina\u00e7\u00e3o evang\u00e9lica no Estado.<\/p>\n<p>A Igreja Evang\u00e9lica Assembleia de Deus no Rio Grande do Norte, liderada pelo pastor Martim Alves, reuniu mais de 30 mil fi\u00e9is em um culto que aconteceu no \u00faltimo dia de maio, em Natal. O evento, que marcou os 100 anos da igreja, aconteceu na Arena das Dunas. Leia\u00a0<a href=\"http:\/\/cpadnews.com.br\/assembleia-de-deus\/44359\/centenario-da-assembleia-de-deus-reune-mais-de-30-mil-pessoas-no-rn.html\" target=\"_blank\" rel=\"noopener\">aqui<\/a>.<\/p>\n<p><img loading=\"lazy\" class=\"alignnone size-medium wp-image-531\" src=\"http:\/\/dgospel.com.br\/portal\/wp-content\/uploads\/2018\/06\/centenarionatal-300x194.jpeg\" alt=\"\" width=\"300\" height=\"194\" srcset=\"https:\/\/dgospel.com.br\/portal\/wp-content\/uploads\/2018\/06\/centenarionatal-300x194.jpeg 300w, https:\/\/dgospel.com.br\/portal\/wp-content\/uploads\/2018\/06\/centenarionatal.jpeg 540w\" sizes=\"(max-width: 300px) 100vw, 300px\" \/><\/p>\n<p><strong>Fonte: TV C\u00e2mara<\/strong><\/p>\n","protected":false},"excerpt":{"rendered":"<p>A C\u00e2mara dos Deputados, em Bras\u00edlia, realizou na manh\u00e3 desta ter\u00e7a-feira (12) uma sess\u00e3o solene em homenagem aos 100 anos de funda\u00e7\u00e3o da Igreja Assembleia de Deus no Estado do Rio Grande do Norte. A iniciativa da homenagem partiu do deputado federal Ant\u00f4nio J\u00e1come (Podemos-RN). \u201cA Igreja Evang\u00e9lica Assembleia de Deus do Rio Grande do [&hellip;]<\/p>\n","protected":false},"author":2,"featured_media":532,"comment_status":"open","ping_status":"open","sticky":false,"template":"","format":"standard","meta":[],"categories":[2,5],"tags":[],"_links":{"self":[{"href":"https:\/\/dgospel.com.br\/portal\/index.php\/wp-json\/wp\/v2\/posts\/530"}],"collection":[{"href":"https:\/\/dgospel.com.br\/portal\/index.php\/wp-json\/wp\/v2\/posts"}],"about":[{"href":"https:\/\/dgospel.com.br\/portal\/index.php\/wp-json\/wp\/v2\/types\/post"}],"author":[{"embeddable":true,"href":"https:\/\/dgospel.com.br\/portal\/index.php\/wp-json\/wp\/v2\/users\/2"}],"replies":[{"embeddable":true,"href":"https:\/\/dgospel.com.br\/portal\/index.php\/wp-json\/wp\/v2\/comments?post=530"}],"version-history":[{"count":1,"href":"https:\/\/dgospel.com.br\/portal\/index.php\/wp-json\/wp\/v2\/posts\/530\/revisions"}],"predecessor-version":[{"id":533,"href":"https:\/\/dgospel.com.br\/portal\/index.php\/wp-json\/wp\/v2\/posts\/530\/revisions\/533"}],"wp:featuredmedia":[{"embeddable":true,"href":"https:\/\/dgospel.com.br\/portal\/index.php\/wp-json\/wp\/v2\/media\/532"}],"wp:attachment":[{"href":"https:\/\/dgospel.com.br\/portal\/index.php\/wp-json\/wp\/v2\/media?parent=530"}],"wp:term":[{"taxonomy":"category","embeddable":true,"href":"https:\/\/dgospel.com.br\/portal\/index.php\/wp-json\/wp\/v2\/categories?post=530"},{"taxonomy":"post_tag","embeddable":true,"href":"https:\/\/dgospel.com.br\/portal\/index.php\/wp-json\/wp\/v2\/tags?post=530"}],"curies":[{"name":"wp","href":"https:\/\/api.w.org\/{rel}","templated":true}]}}