{"id":5309,"date":"2020-03-31T14:44:45","date_gmt":"2020-03-31T17:44:45","guid":{"rendered":"http:\/\/dgospel.com.br\/portal\/?p=5309"},"modified":"2020-03-31T14:44:47","modified_gmt":"2020-03-31T17:44:47","slug":"prefeitura-de-palmas-divulga-lista-de-estabelecimentos-que-estao-autorizados-a-funcionar-na-cidade","status":"publish","type":"post","link":"https:\/\/dgospel.com.br\/portal\/index.php\/2020\/03\/31\/prefeitura-de-palmas-divulga-lista-de-estabelecimentos-que-estao-autorizados-a-funcionar-na-cidade\/","title":{"rendered":"Prefeitura de Palmas divulga lista de estabelecimentos que est\u00e3o autorizados a funcionar na cidade"},"content":{"rendered":"\n<p>A Prefeitura de Palmas divulgou uma lista de estabelecimentos\nque n\u00e3o<strong>&nbsp;est\u00e3o inclu\u00eddos no decreto de calamidade<\/strong>&nbsp;p\u00fablica e por\nisso&nbsp;<strong>est\u00e3o autorizados<\/strong>&nbsp;a funcionar durante o per\u00edodo da pandemia de coronav\u00edrus.\nO fechamento de grande parte do com\u00e9rcio foi uma das medidas adotadas para\nprevenir a dissemina\u00e7\u00e3o do Covid-19 na cidade.<\/p>\n\n\n\n<p>Nesta segunda-feira\n(30) a prefeita Cinthia Ribeiro (PSDB) informou que<strong>&nbsp;vai avaliar as medidas de restri\u00e7\u00e3o a cada tr\u00eas dias<\/strong>. Na\nsemana passada, o munic\u00edpio fez reuni\u00e3o com diversos seguimentos e recebeu um\ndocumento com propostas dos empres\u00e1rios&nbsp;<strong>para\nretomar o atendimento no com\u00e9rcio.<\/strong><\/p>\n\n\n\n<p>Enquanto novas medidas n\u00e3o s\u00e3o\npublicadas, o munic\u00edpio divulgou uma lista de setores que est\u00e3o autorizados a\nfuncionar neste momento.&nbsp;<strong>Confira:<\/strong><\/p>\n\n\n\n<ul><li>Cl\u00ednicas m\u00e9dicas e consult\u00f3rios;<\/li><li>Hospitais;<\/li><li>Clinicas de raio-x;<\/li><li>Cl\u00ednicas de fisioterapia;<\/li><li>Clinicas de vacina\u00e7\u00e3o;<\/li><li>Consult\u00f3rio de psicologia;<\/li><li>Clinica odontol\u00f3gica ;<\/li><li>Farm\u00e1cias, drogarias e farm\u00e1cias de\nmanipula\u00e7\u00e3o;<\/li><li>Casas agropecu\u00e1rias;<\/li><li>Cl\u00ednicas veterin\u00e1rias;<\/li><li>Supermercados, mercearias e atacados;<\/li><li>Distribuidoras de \u00e1gua e g\u00e1s;<\/li><li>Laborat\u00f3rio de an\u00e1lises clinicas;<\/li><li>Distribuidoras de bebidas (somente\npor delivery);<\/li><li>Padarias (sem consumo no local);<\/li><li>A\u00e7ougues e peixarias;<\/li><li>Emp\u00f3rios e hortifr\u00fati;<\/li><li>Posto de combust\u00edvel;<\/li><li>Oficinas mec\u00e2nicas e borracharias;<\/li><li>Prestadores de servi\u00e7os como:\neletricista, encanador, diarista, jardineiro, pscineiro, manicure e barbeiro,\nentre outros;<\/li><li>Aut\u00f4nomos;<\/li><li>Profissionais liberais.<\/li><\/ul>\n\n\n\n<p>Fonte:  <strong>G1 Tocantins<\/strong> <\/p>\n","protected":false},"excerpt":{"rendered":"<p>A Prefeitura de Palmas divulgou uma lista de estabelecimentos que n\u00e3o&nbsp;est\u00e3o inclu\u00eddos no decreto de calamidade&nbsp;p\u00fablica e por isso&nbsp;est\u00e3o autorizados&nbsp;a funcionar durante o per\u00edodo da pandemia de coronav\u00edrus. O fechamento de grande parte do com\u00e9rcio foi uma das medidas adotadas para prevenir a dissemina\u00e7\u00e3o do Covid-19 na cidade. Nesta segunda-feira (30) a prefeita Cinthia Ribeiro [&hellip;]<\/p>\n","protected":false},"author":2,"featured_media":5310,"comment_status":"open","ping_status":"open","sticky":false,"template":"","format":"standard","meta":[],"categories":[3],"tags":[],"_links":{"self":[{"href":"https:\/\/dgospel.com.br\/portal\/index.php\/wp-json\/wp\/v2\/posts\/5309"}],"collection":[{"href":"https:\/\/dgospel.com.br\/portal\/index.php\/wp-json\/wp\/v2\/posts"}],"about":[{"href":"https:\/\/dgospel.com.br\/portal\/index.php\/wp-json\/wp\/v2\/types\/post"}],"author":[{"embeddable":true,"href":"https:\/\/dgospel.com.br\/portal\/index.php\/wp-json\/wp\/v2\/users\/2"}],"replies":[{"embeddable":true,"href":"https:\/\/dgospel.com.br\/portal\/index.php\/wp-json\/wp\/v2\/comments?post=5309"}],"version-history":[{"count":1,"href":"https:\/\/dgospel.com.br\/portal\/index.php\/wp-json\/wp\/v2\/posts\/5309\/revisions"}],"predecessor-version":[{"id":5311,"href":"https:\/\/dgospel.com.br\/portal\/index.php\/wp-json\/wp\/v2\/posts\/5309\/revisions\/5311"}],"wp:featuredmedia":[{"embeddable":true,"href":"https:\/\/dgospel.com.br\/portal\/index.php\/wp-json\/wp\/v2\/media\/5310"}],"wp:attachment":[{"href":"https:\/\/dgospel.com.br\/portal\/index.php\/wp-json\/wp\/v2\/media?parent=5309"}],"wp:term":[{"taxonomy":"category","embeddable":true,"href":"https:\/\/dgospel.com.br\/portal\/index.php\/wp-json\/wp\/v2\/categories?post=5309"},{"taxonomy":"post_tag","embeddable":true,"href":"https:\/\/dgospel.com.br\/portal\/index.php\/wp-json\/wp\/v2\/tags?post=5309"}],"curies":[{"name":"wp","href":"https:\/\/api.w.org\/{rel}","templated":true}]}}