{"id":5318,"date":"2020-04-01T19:06:52","date_gmt":"2020-04-01T22:06:52","guid":{"rendered":"http:\/\/dgospel.com.br\/portal\/?p=5318"},"modified":"2020-04-01T19:06:53","modified_gmt":"2020-04-01T22:06:53","slug":"isolado-doria-recua-e-elogia-pronunciamento-de-bolsonaro","status":"publish","type":"post","link":"https:\/\/dgospel.com.br\/portal\/index.php\/2020\/04\/01\/isolado-doria-recua-e-elogia-pronunciamento-de-bolsonaro\/","title":{"rendered":"Isolado, Doria recua e elogia pronunciamento de Bolsonaro"},"content":{"rendered":"\n<p>Ap\u00f3s semanas de rusgas com o presidente Jair Bolsonaro (sem partido) sobre a necessidade de manter o fechamento de com\u00e9rcios em meio \u00e0 pandemia da Covid-19, o governador de S\u00e3o Paulo, Jo\u00e3o Doria (PSDB), ensaiou uma reaproxima\u00e7\u00e3o ao governo federal na manh\u00e3 desta quarta-feira (1\u00ba).<\/p>\n\n\n\n<p>Doria elogiou o discurso feito em rede nacional pelo presidente na noite de ter\u00e7a-feira (31) e se disse \u201cfeliz\u201d pelo pronunciamento.<\/p>\n\n\n\n<p>\u2013 Eu, ontem, como cidad\u00e3o, como brasileiro e como governador, fiquei feliz de assistir um presidente da Rep\u00fablica mais moderado e com bom senso, colocando uma mensagem equilibrada \u00e0 popula\u00e7\u00e3o brasileira \u2013 afirmou em entrevista \u00e0 imprensa no Pal\u00e1cio dos Bandeirantes, sede do governo paulista.<\/p>\n\n\n\n<p>Apesar do elogio de Doria, Bolsonaro voltou a criticar o posicionamento de governadores e prefeitos, sem citar nomes. Em um v\u00eddeo, o presidente comentou sobre o desabastecimento do Ceasa.<\/p>\n\n\n\n<p>\u2013 N\u00e3o \u00e9 um desentendimento entre o presidente e alguns governadores e alguns prefeitos. S\u00e3o fatos e realidades que devem ser mostradas. Depois da destrui\u00e7\u00e3o n\u00e3o interessa mostrar culpados \u2013 escreveu Bolsonaro ao lado do v\u00eddeo.<\/p>\n\n\n\n<p>O posicionamento do presidente logo reverberou em Doria, que ainda manteve um tom ameno.<\/p>\n\n\n\n<p>\u2013 Por enquanto prefiro levar em considera\u00e7\u00e3o sua manifesta\u00e7\u00e3o de ontem e desconsiderar sua manifesta\u00e7\u00e3o de hoje pela manh\u00e3 \u2013 concluiu Doria.<\/p>\n\n\n\n<p>O governador negou que haja desabastecimento no estado. Ele tamb\u00e9m afirmou que o fechamento do com\u00e9rcio permanece at\u00e9 o dia 7 de abril e que s\u00f3 dar\u00e1 um novo posicionamento na v\u00e9spera.<\/p>\n\n\n\n<p>*Folhapress<\/p>\n","protected":false},"excerpt":{"rendered":"<p>Ap\u00f3s semanas de rusgas com o presidente Jair Bolsonaro (sem partido) sobre a necessidade de manter o fechamento de com\u00e9rcios em meio \u00e0 pandemia da Covid-19, o governador de S\u00e3o Paulo, Jo\u00e3o Doria (PSDB), ensaiou uma reaproxima\u00e7\u00e3o ao governo federal na manh\u00e3 desta quarta-feira (1\u00ba). Doria elogiou o discurso feito em rede nacional pelo presidente [&hellip;]<\/p>\n","protected":false},"author":2,"featured_media":5319,"comment_status":"open","ping_status":"open","sticky":false,"template":"","format":"standard","meta":[],"categories":[6,4],"tags":[],"_links":{"self":[{"href":"https:\/\/dgospel.com.br\/portal\/index.php\/wp-json\/wp\/v2\/posts\/5318"}],"collection":[{"href":"https:\/\/dgospel.com.br\/portal\/index.php\/wp-json\/wp\/v2\/posts"}],"about":[{"href":"https:\/\/dgospel.com.br\/portal\/index.php\/wp-json\/wp\/v2\/types\/post"}],"author":[{"embeddable":true,"href":"https:\/\/dgospel.com.br\/portal\/index.php\/wp-json\/wp\/v2\/users\/2"}],"replies":[{"embeddable":true,"href":"https:\/\/dgospel.com.br\/portal\/index.php\/wp-json\/wp\/v2\/comments?post=5318"}],"version-history":[{"count":1,"href":"https:\/\/dgospel.com.br\/portal\/index.php\/wp-json\/wp\/v2\/posts\/5318\/revisions"}],"predecessor-version":[{"id":5320,"href":"https:\/\/dgospel.com.br\/portal\/index.php\/wp-json\/wp\/v2\/posts\/5318\/revisions\/5320"}],"wp:featuredmedia":[{"embeddable":true,"href":"https:\/\/dgospel.com.br\/portal\/index.php\/wp-json\/wp\/v2\/media\/5319"}],"wp:attachment":[{"href":"https:\/\/dgospel.com.br\/portal\/index.php\/wp-json\/wp\/v2\/media?parent=5318"}],"wp:term":[{"taxonomy":"category","embeddable":true,"href":"https:\/\/dgospel.com.br\/portal\/index.php\/wp-json\/wp\/v2\/categories?post=5318"},{"taxonomy":"post_tag","embeddable":true,"href":"https:\/\/dgospel.com.br\/portal\/index.php\/wp-json\/wp\/v2\/tags?post=5318"}],"curies":[{"name":"wp","href":"https:\/\/api.w.org\/{rel}","templated":true}]}}