{"id":5324,"date":"2020-04-01T23:57:20","date_gmt":"2020-04-02T02:57:20","guid":{"rendered":"http:\/\/dgospel.com.br\/portal\/?p=5324"},"modified":"2020-04-01T23:57:21","modified_gmt":"2020-04-02T02:57:21","slug":"mulher-de-102-anos-se-recupera-milagrosamente-de-coronavirus-na-italia","status":"publish","type":"post","link":"https:\/\/dgospel.com.br\/portal\/index.php\/2020\/04\/01\/mulher-de-102-anos-se-recupera-milagrosamente-de-coronavirus-na-italia\/","title":{"rendered":"Mulher de 102 anos se recupera `milagrosamente\u00b4 de coronav\u00edrus na It\u00e1lia"},"content":{"rendered":"\n<p>Uma senhora de 102 anos est\u00e1 curada de coronav\u00edrus. Ela recebeu o apelido de \u2018Highlander, a imortal\u2019, pela equipe m\u00e9dica que a tratou durante sua interna\u00e7\u00e3o por insufici\u00eancia card\u00edaca e testar positivo para a Covid-10.<\/p>\n\n\n\n<p>&#8220;N\u00f3s a apelidamos de &#8216;Highlander&#8217; &#8211; a imortal&#8221;, disse a m\u00e9dica Vera Sicbaldi, que tratou Italica Grondona no hospital San Martino, em G\u00eanova.<\/p>\n\n\n\n<p>A idade m\u00e9dia das pessoas que testaram positivo para coronav\u00edrus e posteriormente morreram na It\u00e1lia \u00e9 de 78 anos, de acordo com o Instituto Nacional de Sa\u00fade do pa\u00eds.<\/p>\n\n\n\n<p>Grondona foi hospitalizada no in\u00edcio de mar\u00e7o por &#8220;insufici\u00eancia card\u00edaca leve&#8221;, disse Sicbaldi \u00e0 CNN.<\/p>\n\n\n\n<p>&#8220;Ela tinha apenas alguns sintomas leves de coronav\u00edrus, ent\u00e3o a testamos e ela foi positiva, mas fizemos muito pouco, ela se recuperou sozinha&#8221;, acrescentou Sicbaldi.<\/p>\n\n\n\n<p>Os m\u00e9dicos dizem que o caso dela os impressionou tanto que eles decidiram estud\u00e1-lo mais profundamente.<\/p>\n\n\n\n<p>&#8220;Temos amostras sorol\u00f3gicas, ela \u00e9 a primeira paciente que sabemos que pode ter passado pela &#8216;gripe espanhola&#8217; desde que nasceu em 1917&#8221;, explicou Sicbaldi, referindo-se \u00e0 pandemia de gripe de 1918\/1919 que matou pelo menos 50 milh\u00f5es de pessoas em todo o mundo, de acordo com os Centros de controle e preven\u00e7\u00e3o de doen\u00e7as.<\/p>\n\n\n\n<p>Grondona deixou o hospital em 26 de mar\u00e7o e agora est\u00e1 em um lar de idosos. &#8220;N\u00e3o sei qual \u00e9 o segredo dela, mas sei que ela \u00e9 uma mulher livre e independente&#8221;, disse \u00e0 CNN o sobrinho Renato Villa Grondona.<\/p>\n\n\n\n<p>\u201cEla sofreu muito, mas ama a vida\u201d, declarou Renato.<\/p>\n\n\n\n<p><strong>Fonte: Guia-me \/ com informa\u00e7\u00f5es CNN \/ Foto: Reprodu\u00e7\u00e3o\/CNN<\/strong><\/p>\n","protected":false},"excerpt":{"rendered":"<p>Uma senhora de 102 anos est\u00e1 curada de coronav\u00edrus. Ela recebeu o apelido de \u2018Highlander, a imortal\u2019, pela equipe m\u00e9dica que a tratou durante sua interna\u00e7\u00e3o por insufici\u00eancia card\u00edaca e testar positivo para a Covid-10. &#8220;N\u00f3s a apelidamos de &#8216;Highlander&#8217; &#8211; a imortal&#8221;, disse a m\u00e9dica Vera Sicbaldi, que tratou Italica Grondona no hospital San [&hellip;]<\/p>\n","protected":false},"author":2,"featured_media":5325,"comment_status":"open","ping_status":"open","sticky":false,"template":"","format":"standard","meta":[],"categories":[5,1],"tags":[],"_links":{"self":[{"href":"https:\/\/dgospel.com.br\/portal\/index.php\/wp-json\/wp\/v2\/posts\/5324"}],"collection":[{"href":"https:\/\/dgospel.com.br\/portal\/index.php\/wp-json\/wp\/v2\/posts"}],"about":[{"href":"https:\/\/dgospel.com.br\/portal\/index.php\/wp-json\/wp\/v2\/types\/post"}],"author":[{"embeddable":true,"href":"https:\/\/dgospel.com.br\/portal\/index.php\/wp-json\/wp\/v2\/users\/2"}],"replies":[{"embeddable":true,"href":"https:\/\/dgospel.com.br\/portal\/index.php\/wp-json\/wp\/v2\/comments?post=5324"}],"version-history":[{"count":1,"href":"https:\/\/dgospel.com.br\/portal\/index.php\/wp-json\/wp\/v2\/posts\/5324\/revisions"}],"predecessor-version":[{"id":5326,"href":"https:\/\/dgospel.com.br\/portal\/index.php\/wp-json\/wp\/v2\/posts\/5324\/revisions\/5326"}],"wp:featuredmedia":[{"embeddable":true,"href":"https:\/\/dgospel.com.br\/portal\/index.php\/wp-json\/wp\/v2\/media\/5325"}],"wp:attachment":[{"href":"https:\/\/dgospel.com.br\/portal\/index.php\/wp-json\/wp\/v2\/media?parent=5324"}],"wp:term":[{"taxonomy":"category","embeddable":true,"href":"https:\/\/dgospel.com.br\/portal\/index.php\/wp-json\/wp\/v2\/categories?post=5324"},{"taxonomy":"post_tag","embeddable":true,"href":"https:\/\/dgospel.com.br\/portal\/index.php\/wp-json\/wp\/v2\/tags?post=5324"}],"curies":[{"name":"wp","href":"https:\/\/api.w.org\/{rel}","templated":true}]}}