{"id":5333,"date":"2020-04-02T23:03:01","date_gmt":"2020-04-03T02:03:01","guid":{"rendered":"http:\/\/dgospel.com.br\/portal\/?p=5333"},"modified":"2020-04-02T23:03:02","modified_gmt":"2020-04-03T02:03:02","slug":"governador-carlesse-prorroga-por-90-dias-recolhimento-de-icms-para-micro-e-pequenas-empresas-do-estado","status":"publish","type":"post","link":"https:\/\/dgospel.com.br\/portal\/index.php\/2020\/04\/02\/governador-carlesse-prorroga-por-90-dias-recolhimento-de-icms-para-micro-e-pequenas-empresas-do-estado\/","title":{"rendered":"Governador Carlesse prorroga por 90 dias recolhimento de ICMS para micro e pequenas empresas do Estado"},"content":{"rendered":"\n<p>O governador do Estado do Tocantins, Mauro Carlesse, determinou nesta quinta-feira, 2, &nbsp;a prorroga\u00e7\u00e3o por 90 dias, do recolhimento do ICMS para as empresas optantes pelo Simples, o que abrange o segmento de micro e pequenas empresas instaladas no Estado. De acordo com a Secretaria de Estado da Fazenda e Planejamento, esse setor representa 95% das empresas existentes no Estado. Essa \u00e9 uma a\u00e7\u00e3o conjunta do Governo do Estado com a Assembleia Legislativa, que j\u00e1 vinham mantendo entendimento para beneficiar o setor empresarial.&nbsp;<\/p>\n\n\n\n<p>\u201cEssa \u00e9 uma ajuda que o nosso Governo oferece para essas empresas que acreditam e investem no nosso Estado. Essa prorroga\u00e7\u00e3o, nesse momento de crise, vai dar ao pequeno e micro empres\u00e1rio melhores condi\u00e7\u00f5es de se&nbsp;manter em atividade e tamb\u00e9m a manter empregos. Estamos conscientes das dificuldades que todos t\u00eam enfrentado e precisamos manter os empregos para que os problemas sociais n\u00e3o cres\u00e7am nesse per\u00edodo\u201d, avalia&nbsp;o Governador.<br>&nbsp;<br>A medida j\u00e1 entra em vigor de imediato e, as empresas que teriam que recolher o tributo no dia 20 de cada m\u00eas, agora ter\u00e3o mais 90 dias para efetivar o pagamento. O imposto que seria recolhido no dia 20 de abril, s\u00f3 precisar\u00e1 ser recolhido em 20 de julho. Da mesma forma, o tributo a ser pago em 20 de maio passa para 20 de agosto. E o que seria quitado em 20 de junho, s\u00f3 ter\u00e1 vencimento em 20 de setembro.&nbsp;<\/p>\n\n\n\n<p>O governador Mauro Carlesse convidou o presidente da&nbsp;Associa\u00e7\u00e3o Comercial e Industrial de Palmas (Acipa), Joseph Madeira; o presidente da&nbsp;Federa\u00e7ao das Associa\u00e7\u00f5es Comerciais e Industrias do Tocantins (Faciet), Fabiano do Vale; e o representante da&nbsp;Federa\u00e7\u00e3o do Com\u00e9rcio de Bens, Servi\u00e7os e Turismo do Estado do Tocantins (Fecom\u00e9rcio), Osmar Defante, para acompanhar a assinatura do documento que ser\u00e1 encaminhado ainda nesta quinta-feira \u00e0 Receita Federal do Brasil, comunicando sua decis\u00e3o.&nbsp;<br>O presidente da Acipa, Joseph Madeira, considerou como positiva a medida do Governo. \u201cO Governador demonstra mais uma vez a marca de sua gest\u00e3o voltada para o di\u00e1logo, para a abertura e a flexibilidade. Com esse ato, ele olha para os pais e as m\u00e3es de fam\u00edlia e tamb\u00e9m para a preven\u00e7\u00e3o dos postos de trabalho\u201d, avalia&nbsp;Joseph Madeira.<\/p>\n\n\n\n<p>O presidente da Faciet, Fabiano do Vale, tamb\u00e9m aprova&nbsp;a iniciativa do Govenador em prorrogar por 90 dias o recolhimento do ICMS para essas empresas. \u201cO Governo mais uma vez toma uma atitude r\u00e1pida e merece os nossos parab\u00e9ns, pois atende 95% das empresas do Estado que passam a ter um f\u00f4lego a mais para continuar no mercado\u201d, descreve&nbsp;Fabiano do Vale.<\/p>\n\n\n\n<p>Tamb\u00e9m participaram da reuni\u00e3o, o&nbsp;secret\u00e1rio de Estado&nbsp;da Fazenda e Planejamento, Sandro Henrique Armando; e o secret\u00e1rio-chefe da Casa Civil, Rolf Costa Vidal.<\/p>\n","protected":false},"excerpt":{"rendered":"<p>O governador do Estado do Tocantins, Mauro Carlesse, determinou nesta quinta-feira, 2, &nbsp;a prorroga\u00e7\u00e3o por 90 dias, do recolhimento do ICMS para as empresas optantes pelo Simples, o que abrange o segmento de micro e pequenas empresas instaladas no Estado. De acordo com a Secretaria de Estado da Fazenda e Planejamento, esse setor representa 95% [&hellip;]<\/p>\n","protected":false},"author":2,"featured_media":5335,"comment_status":"open","ping_status":"open","sticky":false,"template":"","format":"standard","meta":[],"categories":[3],"tags":[],"_links":{"self":[{"href":"https:\/\/dgospel.com.br\/portal\/index.php\/wp-json\/wp\/v2\/posts\/5333"}],"collection":[{"href":"https:\/\/dgospel.com.br\/portal\/index.php\/wp-json\/wp\/v2\/posts"}],"about":[{"href":"https:\/\/dgospel.com.br\/portal\/index.php\/wp-json\/wp\/v2\/types\/post"}],"author":[{"embeddable":true,"href":"https:\/\/dgospel.com.br\/portal\/index.php\/wp-json\/wp\/v2\/users\/2"}],"replies":[{"embeddable":true,"href":"https:\/\/dgospel.com.br\/portal\/index.php\/wp-json\/wp\/v2\/comments?post=5333"}],"version-history":[{"count":1,"href":"https:\/\/dgospel.com.br\/portal\/index.php\/wp-json\/wp\/v2\/posts\/5333\/revisions"}],"predecessor-version":[{"id":5336,"href":"https:\/\/dgospel.com.br\/portal\/index.php\/wp-json\/wp\/v2\/posts\/5333\/revisions\/5336"}],"wp:featuredmedia":[{"embeddable":true,"href":"https:\/\/dgospel.com.br\/portal\/index.php\/wp-json\/wp\/v2\/media\/5335"}],"wp:attachment":[{"href":"https:\/\/dgospel.com.br\/portal\/index.php\/wp-json\/wp\/v2\/media?parent=5333"}],"wp:term":[{"taxonomy":"category","embeddable":true,"href":"https:\/\/dgospel.com.br\/portal\/index.php\/wp-json\/wp\/v2\/categories?post=5333"},{"taxonomy":"post_tag","embeddable":true,"href":"https:\/\/dgospel.com.br\/portal\/index.php\/wp-json\/wp\/v2\/tags?post=5333"}],"curies":[{"name":"wp","href":"https:\/\/api.w.org\/{rel}","templated":true}]}}