{"id":5337,"date":"2020-04-02T23:06:09","date_gmt":"2020-04-03T02:06:09","guid":{"rendered":"http:\/\/dgospel.com.br\/portal\/?p=5337"},"modified":"2020-04-02T23:06:10","modified_gmt":"2020-04-03T02:06:10","slug":"carlesse-reitera-solicitacao-de-apoio-ao-governo-federal-para-o-combate-ao-novo-coronavirus","status":"publish","type":"post","link":"https:\/\/dgospel.com.br\/portal\/index.php\/2020\/04\/02\/carlesse-reitera-solicitacao-de-apoio-ao-governo-federal-para-o-combate-ao-novo-coronavirus\/","title":{"rendered":"Carlesse reitera solicita\u00e7\u00e3o de apoio ao Governo Federal para o combate ao novo Coronav\u00edrus"},"content":{"rendered":"\n<p>O governador do Estado do Tocantins, Mauro Carlesse, participou na manh\u00e3 desta quinta-feira, 2, de uma videoconfer\u00eancia convocada pelo vice-presidente da Rep\u00fablica, general Hamilton Mour\u00e3o, com todos os governadores que comp\u00f5em o F\u00f3rum de Governadores da Amaz\u00f4nia Legal. Dentre os itens da pauta, estavam as iniciativas dos estados visando \u00e0&nbsp;preven\u00e7\u00e3o \u00e0s queimadas na regi\u00e3o e principalmente, o combate ao novo Coronav\u00edrus.<\/p>\n\n\n\n<p>O governador Mauro Carlesse destacou sua preocupa\u00e7\u00e3o com o avan\u00e7o do novo Coronav\u00edrus no Brasil e, apesar de que&nbsp;no Tocantins os casos estejam ainda em est\u00e1gio inicial, o Chefe do Poder Executivo do Estado refor\u00e7ou ao vice-presidente da Rep\u00fablica a solicita\u00e7\u00e3o para que o Tocantins receba mais recursos e, principalmente novos leitos de Unidade de Terapia Intensiva (UTI) e mais Equipamentos de Prote\u00e7\u00e3o Individual (EPIs), que ser\u00e3o utilizados pelas equipes de trabalho na \u00e1rea da Sa\u00fade.<\/p>\n\n\n\n<p>\u201cEstamos todos preocupados com essa crise do novo Coronav\u00edrus, j\u00e1 tomamos uma s\u00e9rie de medidas como criar um plano de conting\u00eancia e preparamos as equipes de atendimento. Tamb\u00e9m atuamos para a manuten\u00e7\u00e3o dos empregos, a entrega de alimentos e o atendimento \u00e0s&nbsp;fam\u00edlias atingidas por enchentes. Mas o que tamb\u00e9m nos preocupa \u00e9 que essa ajuda do Governo Federal chegue um pouco mais r\u00e1pido, porque essa doen\u00e7a est\u00e1 se alastrando pelo pa\u00eds e a popula\u00e7\u00e3o precisa estar protegida de imediato. Por isso, a minha solicita\u00e7\u00e3o \u00e9 que esses recursos sejam liberados para agilizar o atendimento \u00e0s pessoas, para combatermos o novo Coronav\u00edrus e tamb\u00e9m a fome que amea\u00e7a a nossa gente\u201d, afirmou o Governador.<\/p>\n\n\n\n<p>Ao encerrar a videoconfer\u00eancia, o vice-presidente da Rep\u00fablica destacou a preocupa\u00e7\u00e3o com o avan\u00e7o desse v\u00edrus e afirmou que reuni\u00e3o debateu profundamente dois problemas enfrentados pelo Brasil: as queimadas e o novo Coronav\u00edrus. Sobre a pandemia, o Vice-presidente&nbsp;demonstrou sua preocupa\u00e7\u00e3o com a ascens\u00e3o da doen\u00e7a, com o impacto da crise na economia e tamb\u00e9m com o agravamento de problemas sociais, como o desemprego. O vice-presidente reafirmou as medidas j\u00e1 anunciadas pelo Governo Federal e que tiveram sua efetiva\u00e7\u00e3o solicitadas pelos estados.<\/p>\n","protected":false},"excerpt":{"rendered":"<p>O governador do Estado do Tocantins, Mauro Carlesse, participou na manh\u00e3 desta quinta-feira, 2, de uma videoconfer\u00eancia convocada pelo vice-presidente da Rep\u00fablica, general Hamilton Mour\u00e3o, com todos os governadores que comp\u00f5em o F\u00f3rum de Governadores da Amaz\u00f4nia Legal. Dentre os itens da pauta, estavam as iniciativas dos estados visando \u00e0&nbsp;preven\u00e7\u00e3o \u00e0s queimadas na regi\u00e3o e [&hellip;]<\/p>\n","protected":false},"author":2,"featured_media":5338,"comment_status":"open","ping_status":"open","sticky":false,"template":"","format":"standard","meta":[],"categories":[4],"tags":[],"_links":{"self":[{"href":"https:\/\/dgospel.com.br\/portal\/index.php\/wp-json\/wp\/v2\/posts\/5337"}],"collection":[{"href":"https:\/\/dgospel.com.br\/portal\/index.php\/wp-json\/wp\/v2\/posts"}],"about":[{"href":"https:\/\/dgospel.com.br\/portal\/index.php\/wp-json\/wp\/v2\/types\/post"}],"author":[{"embeddable":true,"href":"https:\/\/dgospel.com.br\/portal\/index.php\/wp-json\/wp\/v2\/users\/2"}],"replies":[{"embeddable":true,"href":"https:\/\/dgospel.com.br\/portal\/index.php\/wp-json\/wp\/v2\/comments?post=5337"}],"version-history":[{"count":1,"href":"https:\/\/dgospel.com.br\/portal\/index.php\/wp-json\/wp\/v2\/posts\/5337\/revisions"}],"predecessor-version":[{"id":5339,"href":"https:\/\/dgospel.com.br\/portal\/index.php\/wp-json\/wp\/v2\/posts\/5337\/revisions\/5339"}],"wp:featuredmedia":[{"embeddable":true,"href":"https:\/\/dgospel.com.br\/portal\/index.php\/wp-json\/wp\/v2\/media\/5338"}],"wp:attachment":[{"href":"https:\/\/dgospel.com.br\/portal\/index.php\/wp-json\/wp\/v2\/media?parent=5337"}],"wp:term":[{"taxonomy":"category","embeddable":true,"href":"https:\/\/dgospel.com.br\/portal\/index.php\/wp-json\/wp\/v2\/categories?post=5337"},{"taxonomy":"post_tag","embeddable":true,"href":"https:\/\/dgospel.com.br\/portal\/index.php\/wp-json\/wp\/v2\/tags?post=5337"}],"curies":[{"name":"wp","href":"https:\/\/api.w.org\/{rel}","templated":true}]}}