{"id":5343,"date":"2020-04-02T23:12:07","date_gmt":"2020-04-03T02:12:07","guid":{"rendered":"http:\/\/dgospel.com.br\/portal\/?p=5343"},"modified":"2020-04-02T23:12:08","modified_gmt":"2020-04-03T02:12:08","slug":"bolsonaro-fala-em-jejum-e-oracao-contra-a-covid-19","status":"publish","type":"post","link":"https:\/\/dgospel.com.br\/portal\/index.php\/2020\/04\/02\/bolsonaro-fala-em-jejum-e-oracao-contra-a-covid-19\/","title":{"rendered":"Bolsonaro fala em jejum e ora\u00e7\u00e3o contra a Covid-19"},"content":{"rendered":"\n<p>O presidente Jair Bolsonaro afirmou, nesta quinta-feira (2), que em breve ir\u00e1 pedir, junto a pastores, um dia de jejum a todo o povo para que o Brasil \u201cfique livre\u201d do coronav\u00edrus \u201d o \u201cmais r\u00e1pido poss\u00edvel\u201d. A declara\u00e7\u00e3o foi dada durante uma entrevista ao program Os Pingos nos Is, da R\u00e1dio Jovem Pan.<\/p>\n\n\n\n<p>Bolsonaro falava sobre o combate \u00e0 epidemia de Covid-19 no Brasil e que o pa\u00eds vai levar pelo menos um ano para voltar ao que era antes da pandemia.<\/p>\n\n\n\n<p>\u2013 Vamos fazer nossa parte e vencer essa batalha se Deus quiser. Vamos levar no m\u00ednimo um ano para voltar ao que \u00e9ramos em janeiro desse ano. O Brasil tem um potencial muito grande. Tem uma equipe de ministros muito boa que tem tudo para dar certo, que trabalham incessantemente. Vai certo o Brasil, tenho f\u00e9 em Deus \u2013<\/p>\n\n\n\n<p>Depois, ele adiantou que ir\u00e1 pedir o jejum, junto a outros religiosos.<\/p>\n\n\n\n<p>\u2013 Inclusive, me permite, Augusto Nunes, eu sou cat\u00f3lico, minha esposa \u00e9 evang\u00e9lica. Estou pedindo um dia de jejum para quem tem f\u00e9. Ent\u00e3o vamos brevemente, junto com pastores, padres e religiosos, anunciar e pedir um dia de jejum para todo o povo brasileiro. Em nome de que o Brasil fique livre desse mal o mais r\u00e1pido poss\u00edvel \u2013 ressaltou.<\/p>\n\n\n\n<p>Ao final do programa, Bolsonaro voltou a falar sobre o jejum<\/p>\n\n\n\n<p>\u2013 Paz e tranquilidade para quem tem f\u00e9. Papai do C\u00e9u est\u00e1 conosco, acredito em Deus. Vamos brevemente, de acordo com decis\u00e3o de evang\u00e9licos e cat\u00f3licos, vamos marcar um dia de jejum de todo o povo brasileiro para a gente ficar livre desse mal o mais r\u00e1pido poss\u00edvel \u2013 concluiu.<\/p>\n","protected":false},"excerpt":{"rendered":"<p>O presidente Jair Bolsonaro afirmou, nesta quinta-feira (2), que em breve ir\u00e1 pedir, junto a pastores, um dia de jejum a todo o povo para que o Brasil \u201cfique livre\u201d do coronav\u00edrus \u201d o \u201cmais r\u00e1pido poss\u00edvel\u201d. A declara\u00e7\u00e3o foi dada durante uma entrevista ao program Os Pingos nos Is, da R\u00e1dio Jovem Pan. Bolsonaro [&hellip;]<\/p>\n","protected":false},"author":2,"featured_media":5344,"comment_status":"open","ping_status":"open","sticky":false,"template":"","format":"standard","meta":[],"categories":[6,4],"tags":[],"_links":{"self":[{"href":"https:\/\/dgospel.com.br\/portal\/index.php\/wp-json\/wp\/v2\/posts\/5343"}],"collection":[{"href":"https:\/\/dgospel.com.br\/portal\/index.php\/wp-json\/wp\/v2\/posts"}],"about":[{"href":"https:\/\/dgospel.com.br\/portal\/index.php\/wp-json\/wp\/v2\/types\/post"}],"author":[{"embeddable":true,"href":"https:\/\/dgospel.com.br\/portal\/index.php\/wp-json\/wp\/v2\/users\/2"}],"replies":[{"embeddable":true,"href":"https:\/\/dgospel.com.br\/portal\/index.php\/wp-json\/wp\/v2\/comments?post=5343"}],"version-history":[{"count":1,"href":"https:\/\/dgospel.com.br\/portal\/index.php\/wp-json\/wp\/v2\/posts\/5343\/revisions"}],"predecessor-version":[{"id":5345,"href":"https:\/\/dgospel.com.br\/portal\/index.php\/wp-json\/wp\/v2\/posts\/5343\/revisions\/5345"}],"wp:featuredmedia":[{"embeddable":true,"href":"https:\/\/dgospel.com.br\/portal\/index.php\/wp-json\/wp\/v2\/media\/5344"}],"wp:attachment":[{"href":"https:\/\/dgospel.com.br\/portal\/index.php\/wp-json\/wp\/v2\/media?parent=5343"}],"wp:term":[{"taxonomy":"category","embeddable":true,"href":"https:\/\/dgospel.com.br\/portal\/index.php\/wp-json\/wp\/v2\/categories?post=5343"},{"taxonomy":"post_tag","embeddable":true,"href":"https:\/\/dgospel.com.br\/portal\/index.php\/wp-json\/wp\/v2\/tags?post=5343"}],"curies":[{"name":"wp","href":"https:\/\/api.w.org\/{rel}","templated":true}]}}