{"id":5346,"date":"2020-04-06T09:44:27","date_gmt":"2020-04-06T12:44:27","guid":{"rendered":"http:\/\/dgospel.com.br\/portal\/?p=5346"},"modified":"2020-04-06T09:44:29","modified_gmt":"2020-04-06T12:44:29","slug":"em-dia-de-jejum-bolsonaro-se-ajoelha-para-receber-oracao-em-brasilia","status":"publish","type":"post","link":"https:\/\/dgospel.com.br\/portal\/index.php\/2020\/04\/06\/em-dia-de-jejum-bolsonaro-se-ajoelha-para-receber-oracao-em-brasilia\/","title":{"rendered":"Em dia de jejum, Bolsonaro se ajoelha para receber ora\u00e7\u00e3o em Bras\u00edlia"},"content":{"rendered":"\n<p>O presidente Jair Bolsonaro recebeu ora\u00e7\u00f5es de pastores neste domingo (5) do lado de fora do Pal\u00e1cio da Alvorada, resid\u00eancia oficial do presidente da Rep\u00fablica. O dia \u00e9 marcado pelo&nbsp;<a href=\"https:\/\/guiame.com.br\/gospel\/mundo-cristao\/bolsonaro-proclama-jejum-pelo-brasil-no-proximo-domingo.html\"><strong>jejum<\/strong><\/a>&nbsp;que foi proclamado por ele na \u00faltima quinta-feira (2).<\/p>\n\n\n\n<p>Dirigindo-se ao grupo, Bolsonaro disse que tamb\u00e9m&nbsp;<a href=\"https:\/\/guiame.com.br\/gospel\/mundo-cristao\/bolsonaro-proclama-jejum-pelo-brasil-no-proximo-domingo.html\"><strong>se uniu aos crist\u00e3os no jejum<\/strong><\/a>. \u201c\u00c9 muito f\u00e1cil acreditar em Deus, basta querer descobrir de onde veio. N\u00f3s viemos do Esp\u00edrito Santo, vamos voltar para esse lugar um dia, mas temos que voltar com a ficha limpa\u201d, disse o presidente.<\/p>\n\n\n\n<p>\u201cA minha miss\u00e3o aqui, o pessoal deve saber, \u00e9 fazer o melhor para o Pa\u00eds. Semana passada eu fui massacrado pela m\u00eddia por ter ido a Taguatinga (regi\u00e3o administrativa do DF), como se um general n\u00e3o pudesse estar no meio dos soldados\u201d, acrescentou.<\/p>\n\n\n\n<p>Na ocasi\u00e3o, pastores refor\u00e7aram que Bolsonaro foi escolhido por Deus para governar a na\u00e7\u00e3o brasileira e oraram por ele.<\/p>\n\n\n\n<p>\u201cO senhor tem se posicionado na brecha de Deus para trazer ao Brasil uma nova esperan\u00e7a. Estamos orando pelo senhor. Duzentos milh\u00f5es est\u00e3o ao seu lado, o restante \u00e9 que est\u00e1 contra. Mas n\u00e3o importa quem esteja ao seu lado ou contra o senhor, porque foi Deus quem o instituiu presidente do Brasil\u201d, disse um dos pastores.<\/p>\n\n\n\n<p>\u201cDeus est\u00e1 prometendo que o poder Dele vai crescer na sua vida, dando sabedoria e un\u00e7\u00e3o para governar e dirigir os rumos desta na\u00e7\u00e3o\u201d, declarou outro pastor.<\/p>\n\n\n\n<figure class=\"wp-block-embed-youtube wp-block-embed is-type-video is-provider-youtube wp-embed-aspect-16-9 wp-has-aspect-ratio\"><div class=\"wp-block-embed__wrapper\">\n<iframe loading=\"lazy\" title=\"- Pal\u00e1cio do Alvorada \/ domingo (05\/04\/2020).\" width=\"630\" height=\"354\" src=\"https:\/\/www.youtube.com\/embed\/lDip-ahrIMQ?feature=oembed\" frameborder=\"0\" allow=\"accelerometer; autoplay; encrypted-media; gyroscope; picture-in-picture\" allowfullscreen><\/iframe>\n<\/div><\/figure>\n\n\n\n<p>Mais cedo, um grupo da Comunidade Evang\u00e9lica Projeto de Deus, de Ceil\u00e2ndia (DF) fez uma ora\u00e7\u00e3o em frente ao Pal\u00e1cio da Alvorada. Eles vestiam roupas com estampas verde e amarelo e se comprometeram a jejuar at\u00e9 o meio-dia.&nbsp;<\/p>\n\n\n\n<p>\u201cSe eles errarem e perecerem, n\u00f3s tamb\u00e9m iremos perecer. Se eles tomarem a decis\u00e3o certa, n\u00f3s seremos aben\u00e7oados\u201d, disse a pastora Ramiria Soares do Amaral Susstrunk sobre as autoridades pol\u00edticas.<\/p>\n\n\n\n<p>\n\nFONTE: GUIAME\n\n<\/p>\n","protected":false},"excerpt":{"rendered":"<p>O presidente Jair Bolsonaro recebeu ora\u00e7\u00f5es de pastores neste domingo (5) do lado de fora do Pal\u00e1cio da Alvorada, resid\u00eancia oficial do presidente da Rep\u00fablica. O dia \u00e9 marcado pelo&nbsp;jejum&nbsp;que foi proclamado por ele na \u00faltima quinta-feira (2). Dirigindo-se ao grupo, Bolsonaro disse que tamb\u00e9m&nbsp;se uniu aos crist\u00e3os no jejum. \u201c\u00c9 muito f\u00e1cil acreditar em [&hellip;]<\/p>\n","protected":false},"author":2,"featured_media":5347,"comment_status":"open","ping_status":"open","sticky":false,"template":"","format":"standard","meta":[],"categories":[5,6],"tags":[],"_links":{"self":[{"href":"https:\/\/dgospel.com.br\/portal\/index.php\/wp-json\/wp\/v2\/posts\/5346"}],"collection":[{"href":"https:\/\/dgospel.com.br\/portal\/index.php\/wp-json\/wp\/v2\/posts"}],"about":[{"href":"https:\/\/dgospel.com.br\/portal\/index.php\/wp-json\/wp\/v2\/types\/post"}],"author":[{"embeddable":true,"href":"https:\/\/dgospel.com.br\/portal\/index.php\/wp-json\/wp\/v2\/users\/2"}],"replies":[{"embeddable":true,"href":"https:\/\/dgospel.com.br\/portal\/index.php\/wp-json\/wp\/v2\/comments?post=5346"}],"version-history":[{"count":1,"href":"https:\/\/dgospel.com.br\/portal\/index.php\/wp-json\/wp\/v2\/posts\/5346\/revisions"}],"predecessor-version":[{"id":5348,"href":"https:\/\/dgospel.com.br\/portal\/index.php\/wp-json\/wp\/v2\/posts\/5346\/revisions\/5348"}],"wp:featuredmedia":[{"embeddable":true,"href":"https:\/\/dgospel.com.br\/portal\/index.php\/wp-json\/wp\/v2\/media\/5347"}],"wp:attachment":[{"href":"https:\/\/dgospel.com.br\/portal\/index.php\/wp-json\/wp\/v2\/media?parent=5346"}],"wp:term":[{"taxonomy":"category","embeddable":true,"href":"https:\/\/dgospel.com.br\/portal\/index.php\/wp-json\/wp\/v2\/categories?post=5346"},{"taxonomy":"post_tag","embeddable":true,"href":"https:\/\/dgospel.com.br\/portal\/index.php\/wp-json\/wp\/v2\/tags?post=5346"}],"curies":[{"name":"wp","href":"https:\/\/api.w.org\/{rel}","templated":true}]}}