{"id":5358,"date":"2020-04-06T15:59:22","date_gmt":"2020-04-06T18:59:22","guid":{"rendered":"http:\/\/dgospel.com.br\/portal\/?p=5358"},"modified":"2020-04-06T15:59:23","modified_gmt":"2020-04-06T18:59:23","slug":"saude-recebe-doacao-de-2-toneladas-de-equipamentos-de-protecao-individual","status":"publish","type":"post","link":"https:\/\/dgospel.com.br\/portal\/index.php\/2020\/04\/06\/saude-recebe-doacao-de-2-toneladas-de-equipamentos-de-protecao-individual\/","title":{"rendered":"Sa\u00fade recebe doa\u00e7\u00e3o de 2 toneladas de equipamentos de prote\u00e7\u00e3o individual"},"content":{"rendered":"\n<p>A Secretaria de Estado da Sa\u00fade (SES) recebeu na noite do \u00faltimo domingo, 5, a doa\u00e7\u00e3o de 2 toneladas de equipamentos de prote\u00e7\u00e3o individual (EPIs). Os materiais foram doados pela Companhia Sider\u00fargica Nacional (CSN), por interm\u00e9dio do senador Eduardo Gomes (MDB-TO).<\/p>\n\n\n\n<p>Os materiais est\u00e3o no almoxarifado central da SES e ser\u00e3o distribu\u00eddos de acordo com a demanda de cada hospital, com o intuito de equipar os profissionais que est\u00e3o na linha de frente no combate ao novo Coronav\u00edrus, causador da Covid-19. Entre os itens est\u00e3o: \u00f3culos, aventais, capotes, m\u00e1scaras, luvas, dentre outros.<\/p>\n\n\n\n<p>O secret\u00e1rio de Estado da Sa\u00fade,&nbsp;Edgar Tollini, explica que os equipamentos ser\u00e3o distribu\u00eddos em todo o Estado, na rede do Sistema \u00danico de Sa\u00fade (SUS). \u201cNos hospitais regionais administrados pela SES, iremos distribuir quantidades similares. Tamb\u00e9m ser\u00e3o encaminhados materiais para as unidades hospitalares municipais. Queremos que toda cidade do Estado receba uma quantidade da doa\u00e7\u00e3o\u201d, afirma.<\/p>\n\n\n\n<p>Edgar Tollini reiterou a necessidade de a popula\u00e7\u00e3o permanecer em casa para a preven\u00e7\u00e3o \u00e0&nbsp;Covid-19. \u201cEstamos trabalhando constantemente para ampliar nossos atendimentos e pedimos que a sociedade nos ajude ficando em casa, atendendo as recomenda\u00e7\u00f5es do Minist\u00e9rio da Sa\u00fade\u201d, destaca.<\/p>\n","protected":false},"excerpt":{"rendered":"<p>A Secretaria de Estado da Sa\u00fade (SES) recebeu na noite do \u00faltimo domingo, 5, a doa\u00e7\u00e3o de 2 toneladas de equipamentos de prote\u00e7\u00e3o individual (EPIs). Os materiais foram doados pela Companhia Sider\u00fargica Nacional (CSN), por interm\u00e9dio do senador Eduardo Gomes (MDB-TO). Os materiais est\u00e3o no almoxarifado central da SES e ser\u00e3o distribu\u00eddos de acordo com [&hellip;]<\/p>\n","protected":false},"author":2,"featured_media":5359,"comment_status":"open","ping_status":"open","sticky":false,"template":"","format":"standard","meta":[],"categories":[3],"tags":[],"_links":{"self":[{"href":"https:\/\/dgospel.com.br\/portal\/index.php\/wp-json\/wp\/v2\/posts\/5358"}],"collection":[{"href":"https:\/\/dgospel.com.br\/portal\/index.php\/wp-json\/wp\/v2\/posts"}],"about":[{"href":"https:\/\/dgospel.com.br\/portal\/index.php\/wp-json\/wp\/v2\/types\/post"}],"author":[{"embeddable":true,"href":"https:\/\/dgospel.com.br\/portal\/index.php\/wp-json\/wp\/v2\/users\/2"}],"replies":[{"embeddable":true,"href":"https:\/\/dgospel.com.br\/portal\/index.php\/wp-json\/wp\/v2\/comments?post=5358"}],"version-history":[{"count":1,"href":"https:\/\/dgospel.com.br\/portal\/index.php\/wp-json\/wp\/v2\/posts\/5358\/revisions"}],"predecessor-version":[{"id":5360,"href":"https:\/\/dgospel.com.br\/portal\/index.php\/wp-json\/wp\/v2\/posts\/5358\/revisions\/5360"}],"wp:featuredmedia":[{"embeddable":true,"href":"https:\/\/dgospel.com.br\/portal\/index.php\/wp-json\/wp\/v2\/media\/5359"}],"wp:attachment":[{"href":"https:\/\/dgospel.com.br\/portal\/index.php\/wp-json\/wp\/v2\/media?parent=5358"}],"wp:term":[{"taxonomy":"category","embeddable":true,"href":"https:\/\/dgospel.com.br\/portal\/index.php\/wp-json\/wp\/v2\/categories?post=5358"},{"taxonomy":"post_tag","embeddable":true,"href":"https:\/\/dgospel.com.br\/portal\/index.php\/wp-json\/wp\/v2\/tags?post=5358"}],"curies":[{"name":"wp","href":"https:\/\/api.w.org\/{rel}","templated":true}]}}